{"id":10988,"date":"2023-11-30T14:10:30","date_gmt":"2023-11-30T17:10:30","guid":{"rendered":"https:\/\/sincomavi.org.br\/?p=10988"},"modified":"2023-11-30T14:10:53","modified_gmt":"2023-11-30T17:10:53","slug":"indicador-medio-de-perdas-sobe-no-varejo-e-chega-aos-148","status":"publish","type":"post","link":"https:\/\/sincomavi.org.br\/?p=10988","title":{"rendered":"Indicador m\u00e9dio de perdas sobe no varejo e chega a 1,48%"},"content":{"rendered":"\n<hr class=\"wp-block-separator has-alpha-channel-opacity is-style-default\"\/>\n\n\n<div class=\"wp-block-post-date\"><time datetime=\"2023-11-30T14:10:30-03:00\">30 de novembro de 2023<\/time><\/div>\n\n\n<p>Pesquisa realizada pela Associa\u00e7\u00e3o Brasileira de Preven\u00e7\u00e3o de Perdas (Abrappe), com o apoio da KPMG Consultoria e Sincomavi, verificou que ocorreu uma eleva\u00e7\u00e3o no n\u00edvel de perdas no varejo. O \u00edndice passou de 1,21%, registrado em 2021, para 1,48%, no ano passado.<\/p>\n\n\n\n<p>Apesar de ter ficado abaixo da m\u00e9dia do com\u00e9rcio em geral, a categoria Lar e Constru\u00e7\u00e3o tamb\u00e9m contou com eleva\u00e7\u00e3o no indicador de perdas. Em 2021, essa categoria atingiu uma taxa de 0,96%. J\u00e1 em 2022, esse valor saltou para 1,25%. Mercado, composto por lojas de vizinhan\u00e7a e conveni\u00eancia, e supermercado convencional foram os setores com patamares mais elevados: 3,07% e 2,37%, respectivamente.<\/p>\n\n\n\n<figure class=\"wp-block-image size-full\"><img loading=\"lazy\" decoding=\"async\" width=\"862\" height=\"405\" src=\"https:\/\/sincomavi.org.br\/wp-content\/uploads\/2023\/11\/image.png\" alt=\"\" class=\"wp-image-10990\" srcset=\"https:\/\/sincomavi.org.br\/wp-content\/uploads\/2023\/11\/image.png 862w, https:\/\/sincomavi.org.br\/wp-content\/uploads\/2023\/11\/image-300x141.png 300w, https:\/\/sincomavi.org.br\/wp-content\/uploads\/2023\/11\/image-768x361.png 768w, https:\/\/sincomavi.org.br\/wp-content\/uploads\/2023\/11\/image-640x301.png 640w, https:\/\/sincomavi.org.br\/wp-content\/uploads\/2023\/11\/image-681x320.png 681w\" sizes=\"auto, (max-width: 862px) 100vw, 862px\" \/><\/figure>\n\n\n\n<p class=\"has-text-align-right\"><strong>Fonte: Abrappe<\/strong><\/p>\n\n\n\n<p>O fim das restri\u00e7\u00f5es ao atendimento presencial, imposto pelas a\u00e7\u00f5es de combate \u00e0 pandemia, \u00e9 apontado como o principal fator para o aumento no n\u00edvel de perdas. Isso porque o retorno ao fluxo normal das lojas teve como efeito imediato a eleva\u00e7\u00e3o no n\u00famero de furtos.\u00a0 Segundo o relat\u00f3rio da Abrappe, outros pontos considerados importantes s\u00e3o os n\u00edveis de estoques elevados e o faturamento abaixo do planejado em alguns segmentos.<\/p>\n\n\n\n<p>A pesquisa verificou que 16,62% das causas das perdas do varejo em geral s\u00e3o oriundas de furtos externos e 6,77%, de furtos internos. Erros de invent\u00e1rios (9,61%), erros administrativos (6,63%), fraudes de terceiros externo (5,05%), erros no cadastro de produtos (3,31%) e fraude de terceiros interno (2,27%) tamb\u00e9m contam com grande participa\u00e7\u00e3o nas perdas.&nbsp;<\/p>\n\n\n\n<p>Na categoria Constru\u00e7\u00e3o e Lar, as quebras operacionais &#8211; produtos considerados sem condi\u00e7\u00f5es de vendas ou perdas identificadas &#8211; representam 0,59% do indicador. Por sua vez, as perdas n\u00e3o identificadas respondem por 0,66% dos casos.<\/p>\n\n\n\n<p>A estimativa \u00e9 que o varejo sofreu uma perda total de R$ 31,7 bilh\u00f5es em 2022 em raz\u00e3o de perdas.<\/p>\n\n\n\n<p class=\"has-text-align-center\"><strong>Fa\u00e7a o download do relat\u00f3rio no link abaixo<\/strong><\/p>\n\n\n<style>.wp-block-kadence-advancedbtn.kb-btns10988_534c2b-9d{gap:var(--global-kb-gap-xs, 0.5rem );justify-content:center;align-items:center;}.kt-btns10988_534c2b-9d .kt-button{font-weight:normal;font-style:normal;}.kt-btns10988_534c2b-9d .kt-btn-wrap-0{margin-right:5px;}.wp-block-kadence-advancedbtn.kt-btns10988_534c2b-9d .kt-btn-wrap-0 .kt-button{color:#555555;border-color:#555555;}.wp-block-kadence-advancedbtn.kt-btns10988_534c2b-9d .kt-btn-wrap-0 .kt-button:hover, .wp-block-kadence-advancedbtn.kt-btns10988_534c2b-9d .kt-btn-wrap-0 .kt-button:focus{color:#ffffff;border-color:#444444;}.wp-block-kadence-advancedbtn.kt-btns10988_534c2b-9d .kt-btn-wrap-0 .kt-button::before{display:none;}.wp-block-kadence-advancedbtn.kt-btns10988_534c2b-9d .kt-btn-wrap-0 .kt-button:hover, .wp-block-kadence-advancedbtn.kt-btns10988_534c2b-9d .kt-btn-wrap-0 .kt-button:focus{background:#444444;}<\/style>\n<div class=\"wp-block-kadence-advancedbtn kb-buttons-wrap kb-btns10988_534c2b-9d\"><style>ul.menu .wp-block-kadence-advancedbtn .kb-btn10988_831630-fa.kb-button{width:initial;}<\/style><a class=\"kb-button kt-button button kb-btn10988_831630-fa kt-btn-size-standard kt-btn-width-type-auto kb-btn-global-fill  kt-btn-has-text-true kt-btn-has-svg-false  wp-block-kadence-singlebtn\" href=\"https:\/\/sincomavi.org.br\/wp-content\/uploads\/2023\/11\/Pesquisa-ABRAPPE-perdas-no-varejo-brasileiro.pdf\" target=\"_blank\" rel=\"noreferrer noopener\"><span class=\"kt-btn-inner-text\">CLIQUE AQUI<\/span><\/a><\/div>\n\n\n\n<hr class=\"wp-block-separator has-alpha-channel-opacity is-style-default\"\/>\n","protected":false},"excerpt":{"rendered":"<p>Pesquisa realizada pela Associa\u00e7\u00e3o Brasileira de Preven\u00e7\u00e3o de Perdas (Abrappe), com o apoio da KPMG Consultoria e Sincomavi, verificou que ocorreu uma eleva\u00e7\u00e3o no n\u00edvel de perdas no varejo. O \u00edndice passou de 1,21%, registrado em 2021, para 1,48%, no ano passado. Apesar de ter ficado abaixo da m\u00e9dia do com\u00e9rcio em geral, a categoria [&hellip;]<\/p>\n","protected":false},"author":1,"featured_media":10989,"comment_status":"closed","ping_status":"open","sticky":false,"template":"","format":"standard","meta":{"tdm_status":"","tdm_grid_status":"","footnotes":""},"categories":[153],"tags":[1018,199,1273,1272,620,158,1020,160,751,200],"class_list":["post-10988","post","type-post","status-publish","format-standard","has-post-thumbnail","hentry","category-noticias","tag-abrappe","tag-comercio","tag-furto-externo","tag-furto-interno","tag-levantamento","tag-material-de-construcao","tag-perdas","tag-pesquisa","tag-quebra-operacional","tag-varejo"],"amp_enabled":true,"_links":{"self":[{"href":"https:\/\/sincomavi.org.br\/index.php?rest_route=\/wp\/v2\/posts\/10988","targetHints":{"allow":["GET"]}}],"collection":[{"href":"https:\/\/sincomavi.org.br\/index.php?rest_route=\/wp\/v2\/posts"}],"about":[{"href":"https:\/\/sincomavi.org.br\/index.php?rest_route=\/wp\/v2\/types\/post"}],"author":[{"embeddable":true,"href":"https:\/\/sincomavi.org.br\/index.php?rest_route=\/wp\/v2\/users\/1"}],"replies":[{"embeddable":true,"href":"https:\/\/sincomavi.org.br\/index.php?rest_route=%2Fwp%2Fv2%2Fcomments&post=10988"}],"version-history":[{"count":2,"href":"https:\/\/sincomavi.org.br\/index.php?rest_route=\/wp\/v2\/posts\/10988\/revisions"}],"predecessor-version":[{"id":10992,"href":"https:\/\/sincomavi.org.br\/index.php?rest_route=\/wp\/v2\/posts\/10988\/revisions\/10992"}],"wp:featuredmedia":[{"embeddable":true,"href":"https:\/\/sincomavi.org.br\/index.php?rest_route=\/wp\/v2\/media\/10989"}],"wp:attachment":[{"href":"https:\/\/sincomavi.org.br\/index.php?rest_route=%2Fwp%2Fv2%2Fmedia&parent=10988"}],"wp:term":[{"taxonomy":"category","embeddable":true,"href":"https:\/\/sincomavi.org.br\/index.php?rest_route=%2Fwp%2Fv2%2Fcategories&post=10988"},{"taxonomy":"post_tag","embeddable":true,"href":"https:\/\/sincomavi.org.br\/index.php?rest_route=%2Fwp%2Fv2%2Ftags&post=10988"}],"curies":[{"name":"wp","href":"https:\/\/api.w.org\/{rel}","templated":true}]}}