{"id":10950,"date":"2023-11-23T14:19:39","date_gmt":"2023-11-23T17:19:39","guid":{"rendered":"https:\/\/sincomavi.org.br\/?p=10950"},"modified":"2023-11-23T14:22:27","modified_gmt":"2023-11-23T17:22:27","slug":"movimento-a-favor-do-parcelado","status":"publish","type":"post","link":"https:\/\/sincomavi.org.br\/?p=10950","title":{"rendered":"Movimento a favor do parcelado"},"content":{"rendered":"\n<hr class=\"wp-block-separator has-alpha-channel-opacity is-style-default\"\/>\n\n\n<div class=\"wp-block-post-date\"><time datetime=\"2023-11-23T14:19:39-03:00\">23 de novembro de 2023<\/time><\/div>\n\n\n<p>Diante do impacto que causaria \u00e0s vendas do mercado interno, a Federa\u00e7\u00e3o do Com\u00e9rcio de Bens, Servi\u00e7os e Turismo do Estado de S\u00e3o Paulo (FecomercioSP), sindicatos patronais e outras entidades representativas est\u00e3o promovendo uma campanha contra o fim ou a restri\u00e7\u00e3o do parcelamento sem juros&nbsp;<\/p>\n\n\n\n<p>Para dar apenas uma ideia, pesquisa da Confedera\u00e7\u00e3o Nacional do Com\u00e9rcio de Bens, Servi\u00e7os e Turismo (CNC) mostra que 90% dos varejistas adotam esse tipo de pagamento em seus neg\u00f3cios no Brasil.<\/p>\n\n\n\n<p class=\"has-white-color has-black-background-color has-text-color has-background\"><strong>&gt;&gt; Comerciantes, colaboradores e p\u00fablico em geral podem participar desse movimento assinando a peti\u00e7\u00e3o p\u00fablica dispon\u00edvel em <a href=\"https:\/\/parcelosim.com.br\">https:\/\/parcelosim.com.br<\/a>.<\/strong><\/p>\n\n\n\n<p>Na reuni\u00e3o da Frente Parlamentar pelo Livre Com\u00e9rcio (FPLM), realizada no Senado Federal, em 22 de novembro, representantes da FecomercioSP aproveitaram a oportunidade para entregar \u00e0s lideran\u00e7as pol\u00edticas uma s\u00e9rie de sugest\u00f5es para reduzir as taxas aplicadas ao rotativo sem alterar os mecanismos do parcelamento sem juros, entre as quais:\u00a0<\/p>\n\n\n\n<ul class=\"wp-block-list\">\n<li>estabelecer um teto para a taxa do rotativo: fixar um limite de acordo com a faixa de renda do consumidor ou estabelecer um teto, a exemplo do que aconteceu com os juros do cheque especial;<\/li>\n<\/ul>\n\n\n\n<ul class=\"wp-block-list\">\n<li>promover a competi\u00e7\u00e3o no mercado de cr\u00e9dito: diminuir barreiras para encorajar novos agentes a entrar no mercado;<\/li>\n<\/ul>\n\n\n\n<ul class=\"wp-block-list\">\n<li>facilitar a portabilidade de cr\u00e9dito: permitir que os consumidores busquem melhores condi\u00e7\u00f5es para pagamento das d\u00edvidas de forma clara e transparente, al\u00e9m de estimular a ades\u00e3o ao Open Finance, inclusive a sua renova\u00e7\u00e3o de consentimento para o compartilhamento de dados, reduzindo a assimetria de informa\u00e7\u00f5es entre institui\u00e7\u00f5es;&nbsp;<\/li>\n<\/ul>\n\n\n\n<ul class=\"wp-block-list\">\n<li>adotar iniciativas de educa\u00e7\u00e3o financeira e uso consciente do cr\u00e9dito: informar a popula\u00e7\u00e3o acerca dos riscos envolvidos com uma linguagem acess\u00edvel \u2014 medida reconhecida como eficaz pelo pr\u00f3prio Bacen.<\/li>\n<\/ul>\n\n\n\n<hr class=\"wp-block-separator has-alpha-channel-opacity is-style-default\"\/>\n","protected":false},"excerpt":{"rendered":"<p>Diante do impacto que causaria \u00e0s vendas do mercado interno, a Federa\u00e7\u00e3o do Com\u00e9rcio de Bens, Servi\u00e7os e Turismo do Estado de S\u00e3o Paulo (FecomercioSP), sindicatos patronais e outras entidades representativas est\u00e3o promovendo uma campanha contra o fim ou a restri\u00e7\u00e3o do parcelamento sem juros&nbsp; Para dar apenas uma ideia, pesquisa da Confedera\u00e7\u00e3o Nacional do [&hellip;]<\/p>\n","protected":false},"author":1,"featured_media":10951,"comment_status":"closed","ping_status":"open","sticky":false,"template":"","format":"standard","meta":{"tdm_status":"","tdm_grid_status":"","footnotes":""},"categories":[153],"tags":[196,1269],"class_list":["post-10950","post","type-post","status-publish","format-standard","has-post-thumbnail","hentry","category-noticias","tag-campanha","tag-parcelado-sem-juros"],"amp_enabled":true,"_links":{"self":[{"href":"https:\/\/sincomavi.org.br\/index.php?rest_route=\/wp\/v2\/posts\/10950","targetHints":{"allow":["GET"]}}],"collection":[{"href":"https:\/\/sincomavi.org.br\/index.php?rest_route=\/wp\/v2\/posts"}],"about":[{"href":"https:\/\/sincomavi.org.br\/index.php?rest_route=\/wp\/v2\/types\/post"}],"author":[{"embeddable":true,"href":"https:\/\/sincomavi.org.br\/index.php?rest_route=\/wp\/v2\/users\/1"}],"replies":[{"embeddable":true,"href":"https:\/\/sincomavi.org.br\/index.php?rest_route=%2Fwp%2Fv2%2Fcomments&post=10950"}],"version-history":[{"count":3,"href":"https:\/\/sincomavi.org.br\/index.php?rest_route=\/wp\/v2\/posts\/10950\/revisions"}],"predecessor-version":[{"id":10955,"href":"https:\/\/sincomavi.org.br\/index.php?rest_route=\/wp\/v2\/posts\/10950\/revisions\/10955"}],"wp:featuredmedia":[{"embeddable":true,"href":"https:\/\/sincomavi.org.br\/index.php?rest_route=\/wp\/v2\/media\/10951"}],"wp:attachment":[{"href":"https:\/\/sincomavi.org.br\/index.php?rest_route=%2Fwp%2Fv2%2Fmedia&parent=10950"}],"wp:term":[{"taxonomy":"category","embeddable":true,"href":"https:\/\/sincomavi.org.br\/index.php?rest_route=%2Fwp%2Fv2%2Fcategories&post=10950"},{"taxonomy":"post_tag","embeddable":true,"href":"https:\/\/sincomavi.org.br\/index.php?rest_route=%2Fwp%2Fv2%2Ftags&post=10950"}],"curies":[{"name":"wp","href":"https:\/\/api.w.org\/{rel}","templated":true}]}}