{"id":10898,"date":"2023-11-22T10:30:50","date_gmt":"2023-11-22T13:30:50","guid":{"rendered":"https:\/\/sincomavi.org.br\/?p=10898"},"modified":"2023-11-22T10:31:37","modified_gmt":"2023-11-22T13:31:37","slug":"infraestrutura-verde-sera-tema-de-seminario-nacional","status":"publish","type":"post","link":"https:\/\/sincomavi.org.br\/?p=10898","title":{"rendered":"Infraestrutura verde \u00e9 tema de semin\u00e1rio nacional"},"content":{"rendered":"\n<hr class=\"wp-block-separator has-alpha-channel-opacity is-style-default\"\/>\n\n\n<div class=\"wp-block-post-date\"><time datetime=\"2023-11-22T10:30:50-03:00\">22 de novembro de 2023<\/time><\/div>\n\n\n<p>Com apoio do Sincomavi, ser\u00e1 realizado pela AELO (Associa\u00e7\u00e3o das Empresas de Loteamento e Desenvolvimento Urbano), Secovi-SP (Sindicato das empresas de compra, venda, loca\u00e7\u00e3o e administra\u00e7\u00e3o de im\u00f3veis residenciais e comerciais de S\u00e3o Paulo) e Sinduscon-SP&nbsp; (Sindicato da Ind\u00fastria da Constru\u00e7\u00e3o Civil do Estado de S\u00e3o Paulo), em 04 de dezembro, o Semin\u00e1rio Nacional sobre Infraestrutura Verde, em formato h\u00edbrido, sendo a modalidade presencial sediada no Milenium Centro de Conven\u00e7\u00f5es.<\/p>\n\n\n\n<p>O evento tem como objetivo disseminar as solu\u00e7\u00f5es de infraestrutura verde e desenvolvimento urbano, apresentando cases e detalhes em rela\u00e7\u00e3o \u00e0 legisla\u00e7\u00e3o e aplica\u00e7\u00e3o de m\u00e9todos construtivos. Est\u00e1 programado ainda o lan\u00e7amento do Guia de infraestrutura verde para empreendimentos imobili\u00e1rios no Brasil.&nbsp;<\/p>\n\n\n\n<p><strong>Semin\u00e1rio Nacional sobre Infraestrutura Verde<\/strong><br>Gratuito<br>Evento h\u00edbrido<br><strong>Local:<\/strong> Rua Dr. Bacelar, 1043, Vila Clementino, S\u00e3o Paulo &#8211; SP<br>(Modalidade presencial)<br><strong>Data: <\/strong>04 de dezembro de 2023<br><strong>Hor\u00e1rio:<\/strong> 14h00 \u00e0s 19h00<\/p>\n\n\n\n<div style=\"height:15px\" aria-hidden=\"true\" class=\"wp-block-spacer\"><\/div>\n\n\n<style>.wp-block-kadence-advancedbtn.kb-btns10898_282b55-23{gap:var(--global-kb-gap-xs, 0.5rem );justify-content:center;align-items:center;}.kt-btns10898_282b55-23 .kt-button{font-weight:normal;font-style:normal;}.kt-btns10898_282b55-23 .kt-btn-wrap-0{margin-right:5px;}.wp-block-kadence-advancedbtn.kt-btns10898_282b55-23 .kt-btn-wrap-0 .kt-button{color:#555555;border-color:#555555;}.wp-block-kadence-advancedbtn.kt-btns10898_282b55-23 .kt-btn-wrap-0 .kt-button:hover, .wp-block-kadence-advancedbtn.kt-btns10898_282b55-23 .kt-btn-wrap-0 .kt-button:focus{color:#ffffff;border-color:#444444;}.wp-block-kadence-advancedbtn.kt-btns10898_282b55-23 .kt-btn-wrap-0 .kt-button::before{display:none;}.wp-block-kadence-advancedbtn.kt-btns10898_282b55-23 .kt-btn-wrap-0 .kt-button:hover, .wp-block-kadence-advancedbtn.kt-btns10898_282b55-23 .kt-btn-wrap-0 .kt-button:focus{background:#444444;}<\/style>\n<div class=\"wp-block-kadence-advancedbtn kb-buttons-wrap kb-btns10898_282b55-23\"><style>ul.menu .wp-block-kadence-advancedbtn .kb-btn10898_f98a21-3f.kb-button{width:initial;}<\/style><a class=\"kb-button kt-button button kb-btn10898_f98a21-3f kt-btn-size-standard kt-btn-width-type-auto kb-btn-global-fill  kt-btn-has-text-true kt-btn-has-svg-false  wp-block-kadence-singlebtn\" href=\"https:\/\/sindusconsp.com.br\/eventos\/seminario-nacional-sobre-infraestrutura-verde\/?utm_referal=secovi.com.br\" target=\"_blank\" rel=\"noreferrer noopener\"><span class=\"kt-btn-inner-text\">INSCRI\u00c7\u00d5ES<\/span><\/a><\/div>\n\n\n\n<div style=\"height:15px\" aria-hidden=\"true\" class=\"wp-block-spacer\"><\/div>\n\n\n\n<h1 class=\"wp-block-heading\"><strong>Programa\u00e7\u00e3o<\/strong><\/h1>\n\n\n\n<p><strong>14h \u2013 14h30 I CREDENCIAMENTO E WELCOME COFFEE<\/strong><\/p>\n\n\n\n<p><strong>14h30 \u2013 15h00 \u2013 Abertura<\/strong><\/p>\n\n\n\n<ul class=\"wp-block-list\">\n<li><strong>Caio Portugal,<\/strong> <em>Vice-presidente de Desenvolvimento Urbano e Meio Ambiente do Secovi-SP e Presidente da Aelo<\/em><\/li>\n\n\n\n<li><strong>Francisco Antunes de Vasconcellos Neto<\/strong><strong><em>,<\/em><\/strong><em> Vice-presidente do SindusCon-SP<\/em><\/li>\n\n\n\n<li><strong>Lilian Sarrouf<\/strong><em>, Superintendente do ABNT CB002 \u2013 Comit\u00ea Brasileiro da Constru\u00e7\u00e3o Civil<\/em><\/li>\n\n\n\n<li><strong>Ely Wertheim<\/strong> \u2013 Presidente Executivo CEO do Secovi-SP<\/li>\n<\/ul>\n\n\n\n<p><br><strong>LEGISLA\u00c7\u00d5ES VIGENTES, APLICA\u00c7\u00c3O DE SOLU\u00c7\u00d5ES AMBIENTAIS COM FOCO NAS LEGISLA\u00c7\u00d5ES MUNICIPAIS E ESTADUAIS \u2013 ESCALAS: REGIONAL (MAIS DE UMA CIDADE), LOCAL (CIDADE) E INDIVIDUAL (EMPREENDIMENTO)<\/strong><\/p>\n\n\n\n<p><strong>15h00 \u2013 16h25 LEGISLA\u00c7\u00c3O AMBIENTAL<\/strong><strong><br><\/strong>MUNICIPAIS E ESTADUAIS VOLTADAS \u00c0 APLICA\u00c7\u00c3O DE SOLU\u00c7\u00d5ES DA NATUREZA<br><strong>ESCALAS: REGIONAL, LOCAL E INDIVIDUAL<\/strong><\/p>\n\n\n\n<ul class=\"wp-block-list\">\n<li><strong><em>Marcos Saes \u2013 <\/em><\/strong><em>Diretor de Meio Ambiente da Aelo \u2013 <\/em>Associa\u00e7\u00e3o de Empresas de Loteamento e Desenvolvimento Urbano<\/li>\n<\/ul>\n\n\n\n<p><strong>16h25 \u2013 15h40 MANUAL GRAPROHAB E CHECK-LIST CETESB<\/strong><strong><br><\/strong><strong>Pela Representa\u00e7\u00e3o Aelo \u2013 Graprohab<\/strong><\/p>\n\n\n\n<ul class=\"wp-block-list\">\n<li><strong><em>Caio Portugal \u2013 <\/em><\/strong><em>Vice-presidente de Desenvolvimento Urbano e Meio Ambiente do Secovi-SP e Presidente da Aelo<\/em><\/li>\n<\/ul>\n\n\n\n<p><strong>15h40 \u2013 16h20 MANUAL GRAPROHAB E CHECK-LIST CETESB<\/strong><strong><br><\/strong><strong>Pela Cetesb:<\/strong><\/p>\n\n\n\n<p><strong>16h20 \u2013 16h40 I SOLU\u00c7\u00d5ES DE INFRAESTRUTURAS AMBIENTAIS \u2013 TIPOLOGIAS<\/strong><\/p>\n\n\n\n<p><strong>16h20 \u2013 16h40 I COFFEE-BREAK<\/strong><\/p>\n\n\n\n<p><strong>16h40 \u2013 17h00 I ESG \u2013 APLICA\u00c7\u00c3O EM DESENVOLVIMENTO IMOBILI\u00c1RIO&nbsp;<\/strong><\/p>\n\n\n\n<ul class=\"wp-block-list\">\n<li><strong><em>Patricia Bittencourt \u2013<\/em><\/strong><em> Gerente de Sustentabilidade e ESG do Secovi-SP<\/em><\/li>\n<\/ul>\n\n\n\n<p><strong>17h00 \u2013 17h15 CASE \u2013 SOLU\u00c7\u00d5ES PARA INFRAESTRUTURA VERDE<\/strong><\/p>\n\n\n\n<ul class=\"wp-block-list\">\n<li><strong><em>Osvaldo Barbosa de Oliveira Junior<\/em><\/strong><strong> \u2013 <\/strong>Engenheiro Civil pela Universidade de Campinas (Unicamp) e Especialista em Rela\u00e7\u00f5es Institucionais, Governamentais e Sustentabilidade da ADS-Tigre<\/li>\n<\/ul>\n\n\n\n<p><strong>17h15 \u2013 17H30 I CHECKLIST PARA MODELAGEM DE PRODUTO<\/strong><\/p>\n\n\n\n<p><strong>17h30 \u2013 17h50 I COMPATIBILIZA\u00c7\u00c3O DE PROJETOS COM DEMAIS INFRAESTRUTURAS<\/strong><\/p>\n\n\n\n<ul class=\"wp-block-list\">\n<li><strong><em>Ruth Carmona Portugal \u2013 <\/em><\/strong><em>Arquiteta e Urbanista pela FAU \u2013 MACK, S\u00f3cia Propriet\u00e1ria da GP Desenvolvimento Urbano e GP Obras e Urbanismo, diretora da Aelo e do Secovi-SP.<\/em><\/li>\n<\/ul>\n\n\n\n<p><strong>17h50 \u2013 18h10 I MONITORAMENTOS DE PROJETOS REALIZADOS<\/strong><\/p>\n\n\n\n<ul class=\"wp-block-list\">\n<li><strong><em>Paulo Velzi<\/em><\/strong><em> \u2013 <\/em>Presidente Associa\u00e7\u00e3o dos Engenheiros, Arquitetos e Agr\u00f4nomos de Bertioga<\/li>\n<\/ul>\n\n\n\n<p><strong>18h10 \u2013 18h30 I LAN\u00c7AMENTO DO GUIA DE INFRAESTRUTURA VERDE PARA EMPREENDIMENTOS IMOBILI\u00c1RIOS NO BRASIL<\/strong><\/p>\n\n\n\n<p><strong><em>Mait\u00ea Pinheiro \u2013 <\/em><\/strong><em>GEASA<\/em><\/p>\n\n\n\n<p><strong>18h30 \u2013 18h50 \u2013 DEBATE E ENCERRAMENTO<\/strong><\/p>\n\n\n\n<ul class=\"wp-block-list\">\n<li><strong>Moderadora<\/strong><strong><br><\/strong><strong>Lilian Sarrouf<\/strong><em> \u2013 Coordenadora T\u00e9cnica do Comit\u00ea de Meio Ambiente do SindusCon-SP e Superintendente do ABNT CB002 \u2013 Comit\u00ea Brasileiro da Constru\u00e7\u00e3o Civil<\/em><\/li>\n<\/ul>\n\n\n\n<p><em>&nbsp;*Programa\u00e7\u00e3o sujeita a altera\u00e7\u00e3o<\/em><em><br><\/em><strong><em>Mestre de Cerim\u00f4nia:<\/em><\/strong><em> Mariangela Machado \u2013 diretora de Associa\u00e7\u00f5es em Loteamentos e Bairros Planejados do Secovi-SP, membro do CDU (Comit\u00ea de Desenvolvimento Urbano \u2013 Aelo, Secovi-SP, SindusCon-SP) e conselheira da Adit Brasil<\/em><\/p>\n\n\n\n<hr class=\"wp-block-separator has-alpha-channel-opacity is-style-default\"\/>\n","protected":false},"excerpt":{"rendered":"<p>Com apoio do Sincomavi, ser\u00e1 realizado pela AELO (Associa\u00e7\u00e3o das Empresas de Loteamento e Desenvolvimento Urbano), Secovi-SP (Sindicato das empresas de compra, venda, loca\u00e7\u00e3o e administra\u00e7\u00e3o de im\u00f3veis residenciais e comerciais de S\u00e3o Paulo) e Sinduscon-SP&nbsp; (Sindicato da Ind\u00fastria da Constru\u00e7\u00e3o Civil do Estado de S\u00e3o Paulo), em 04 de dezembro, o Semin\u00e1rio Nacional sobre [&hellip;]<\/p>\n","protected":false},"author":1,"featured_media":10899,"comment_status":"closed","ping_status":"open","sticky":false,"template":"","format":"standard","meta":{"tdm_status":"","tdm_grid_status":"","footnotes":""},"categories":[153],"tags":[181],"class_list":["post-10898","post","type-post","status-publish","format-standard","has-post-thumbnail","hentry","category-noticias","tag-evento"],"amp_enabled":true,"_links":{"self":[{"href":"https:\/\/sincomavi.org.br\/index.php?rest_route=\/wp\/v2\/posts\/10898","targetHints":{"allow":["GET"]}}],"collection":[{"href":"https:\/\/sincomavi.org.br\/index.php?rest_route=\/wp\/v2\/posts"}],"about":[{"href":"https:\/\/sincomavi.org.br\/index.php?rest_route=\/wp\/v2\/types\/post"}],"author":[{"embeddable":true,"href":"https:\/\/sincomavi.org.br\/index.php?rest_route=\/wp\/v2\/users\/1"}],"replies":[{"embeddable":true,"href":"https:\/\/sincomavi.org.br\/index.php?rest_route=%2Fwp%2Fv2%2Fcomments&post=10898"}],"version-history":[{"count":2,"href":"https:\/\/sincomavi.org.br\/index.php?rest_route=\/wp\/v2\/posts\/10898\/revisions"}],"predecessor-version":[{"id":10901,"href":"https:\/\/sincomavi.org.br\/index.php?rest_route=\/wp\/v2\/posts\/10898\/revisions\/10901"}],"wp:featuredmedia":[{"embeddable":true,"href":"https:\/\/sincomavi.org.br\/index.php?rest_route=\/wp\/v2\/media\/10899"}],"wp:attachment":[{"href":"https:\/\/sincomavi.org.br\/index.php?rest_route=%2Fwp%2Fv2%2Fmedia&parent=10898"}],"wp:term":[{"taxonomy":"category","embeddable":true,"href":"https:\/\/sincomavi.org.br\/index.php?rest_route=%2Fwp%2Fv2%2Fcategories&post=10898"},{"taxonomy":"post_tag","embeddable":true,"href":"https:\/\/sincomavi.org.br\/index.php?rest_route=%2Fwp%2Fv2%2Ftags&post=10898"}],"curies":[{"name":"wp","href":"https:\/\/api.w.org\/{rel}","templated":true}]}}