{"id":10832,"date":"2023-11-07T08:45:00","date_gmt":"2023-11-07T11:45:00","guid":{"rendered":"https:\/\/sincomavi.org.br\/?p=10832"},"modified":"2023-11-06T16:51:27","modified_gmt":"2023-11-06T19:51:27","slug":"matcons-varejo-cria-319-empregos-em-setembro-na-rmsp","status":"publish","type":"post","link":"https:\/\/sincomavi.org.br\/?p=10832","title":{"rendered":"Matcons: varejo cria 319 empregos em setembro na RMSP"},"content":{"rendered":"\n<hr class=\"wp-block-separator has-alpha-channel-opacity is-style-default\"\/>\n\n\n\n<p>O Cadastro Geral de Empregados e Desempregados (Caged) registrou em setembro a cria\u00e7\u00e3o de 319 postos de trabalho com carteira assinada no com\u00e9rcio varejista de material de constru\u00e7\u00e3o da Regi\u00e3o Metropolitana de S\u00e3o Paulo (RMSP).&nbsp; Foram 3.557 admiss\u00f5es e 3.238 desligamentos para um estoque de 91,9 mil v\u00ednculos com carteira assinada ativos. Para efeito de compara\u00e7\u00e3o, setembro de 2023 teve um resultado 19% inferior ao saldo positivo auferido no mesmo m\u00eas do ano passado. Houve queda tamb\u00e9m em rela\u00e7\u00e3o a agosto de 2023, per\u00edodo no qual o setor contou com 419 novos postos.&nbsp;<\/p>\n\n\n\n<p>Na cidade de S\u00e3o Paulo o avan\u00e7o em setembro foi de 123 empregos, o sexto saldo positivo mensal seguido, ainda que igualmente menor que as 198 vagas criadas no mesmo m\u00eas do ano passado.&nbsp;<\/p>\n\n\n\n<h2 class=\"wp-block-heading has-text-align-center\"><strong>Evolu\u00e7\u00e3o do saldo de empregos do varejo de material de constru\u00e7\u00e3o \u2013 RMSP e S\u00e3o Paulo\/SP<\/strong><\/h2>\n\n\n\n<p class=\"has-text-align-center\"><img loading=\"lazy\" decoding=\"async\" width=\"553\" height=\"352\" src=\"https:\/\/lh7-us.googleusercontent.com\/nq8ded8SoYkWfXRjYjv9hHtJQWR8okR86AmEFASSQBOucEjvIZYvfgEMQC8GtANQtahuYl4Aeb3hI67cgelz64sDIwfKXuslR9zVv5oaTSXn5nCPwNBU3rWon76lrVB7eI8jN7c5Q2Aed9yRSiqnwg\"><\/p>\n\n\n\n<p class=\"has-text-align-right\">Fonte: Caged<\/p>\n\n\n\n<p>Dentre os grupos de atividades, apenas o varejo de material hidr\u00e1ulico sofreu recuo na empregabilidade em setembro, com menos duas vagas. J\u00e1 o melhor resultado absoluto proveio dos estabelecimentos de material de constru\u00e7\u00e3o em geral, com +98 postos de trabalho.<\/p>\n\n\n\n<p class=\"has-text-align-center\"><img loading=\"lazy\" decoding=\"async\" width=\"546\" height=\"284\" src=\"https:\/\/lh7-us.googleusercontent.com\/x3qaQUiRIThIMk1iVvrXpRyRszOfSJ1CKNjD-tqSlPJwf-YL1yWYs5c24FRHJaMtpKg0FZHHSADlFt2-IBBvQUzdAlm8u3vwPv5x3JAOjHxMq4FcecIt0AMRjSYyyVS_Q02OhGjQvnGxP9kvVfJyrA\"><\/p>\n\n\n\n<p>S\u00e3o 2.309 empregos criados no acumulado do ano (janeiro a setembro), com destaques para os com\u00e9rcios varejistas de ferragens e ferramentas (+574 vagas) e de material de constru\u00e7\u00e3o em geral (+794 vagas).\u00a0<\/p>\n\n\n\n<p class=\"has-text-align-center\"><img loading=\"lazy\" decoding=\"async\" src=\"https:\/\/lh7-us.googleusercontent.com\/P9Ff5uwo0LmMqkO7t2jen4yPs8T45FTPOmcLBSgEUSPlOfJsFpnVUpGIOhsZkh6yDWusFzkkfwv1UoeRMUakc_3GqQpWKPC51hShWm1x72dYA1u-oK2_gtsuS_0wNMEam263oghIrkgeSQ_rekzYnQ\" width=\"516\" height=\"304\"><\/p>\n\n\n\n<p>O economista Jaime Vasconcellos ressalta a manuten\u00e7\u00e3o do avan\u00e7o mensal do mercado de trabalho dos segmentos relacionados ao ramo varejista de material de constru\u00e7\u00e3o na RMSP em setembro de 2023. \u201cEm geral, possu\u00edmos avan\u00e7os de menor magnitude comparado aos n\u00fameros do ano passado, mas com tend\u00eancia consistente de auferirmos mais admiss\u00f5es que desligamentos, sinal claro de uma resili\u00eancia dos empregadores que, mesmo frente a um cen\u00e1rio desacelerado de vendas, est\u00e3o conseguindo manter uma pol\u00edtica ativa de investimentos em m\u00e3o de obra\u201d.\u00a0<\/p>\n\n\n\n<hr class=\"wp-block-separator has-alpha-channel-opacity is-style-default\"\/>\n","protected":false},"excerpt":{"rendered":"<p>O Cadastro Geral de Empregados e Desempregados (Caged) registrou em setembro a cria\u00e7\u00e3o de 319 postos de trabalho com carteira assinada no com\u00e9rcio varejista de material de constru\u00e7\u00e3o da Regi\u00e3o Metropolitana de S\u00e3o Paulo (RMSP).&nbsp; Foram 3.557 admiss\u00f5es e 3.238 desligamentos para um estoque de 91,9 mil v\u00ednculos com carteira assinada ativos. Para efeito de [&hellip;]<\/p>\n","protected":false},"author":1,"featured_media":10833,"comment_status":"closed","ping_status":"open","sticky":false,"template":"","format":"standard","meta":{"tdm_status":"","tdm_grid_status":"","footnotes":""},"categories":[153],"tags":[89,199,156,53,632,620,158,160,654,200],"class_list":["post-10832","post","type-post","status-publish","format-standard","has-post-thumbnail","hentry","category-noticias","tag-caged","tag-comercio","tag-economia","tag-emprego","tag-estudo-setorial","tag-levantamento","tag-material-de-construcao","tag-pesquisa","tag-sondagem","tag-varejo"],"amp_enabled":true,"_links":{"self":[{"href":"https:\/\/sincomavi.org.br\/index.php?rest_route=\/wp\/v2\/posts\/10832","targetHints":{"allow":["GET"]}}],"collection":[{"href":"https:\/\/sincomavi.org.br\/index.php?rest_route=\/wp\/v2\/posts"}],"about":[{"href":"https:\/\/sincomavi.org.br\/index.php?rest_route=\/wp\/v2\/types\/post"}],"author":[{"embeddable":true,"href":"https:\/\/sincomavi.org.br\/index.php?rest_route=\/wp\/v2\/users\/1"}],"replies":[{"embeddable":true,"href":"https:\/\/sincomavi.org.br\/index.php?rest_route=%2Fwp%2Fv2%2Fcomments&post=10832"}],"version-history":[{"count":1,"href":"https:\/\/sincomavi.org.br\/index.php?rest_route=\/wp\/v2\/posts\/10832\/revisions"}],"predecessor-version":[{"id":10834,"href":"https:\/\/sincomavi.org.br\/index.php?rest_route=\/wp\/v2\/posts\/10832\/revisions\/10834"}],"wp:featuredmedia":[{"embeddable":true,"href":"https:\/\/sincomavi.org.br\/index.php?rest_route=\/wp\/v2\/media\/10833"}],"wp:attachment":[{"href":"https:\/\/sincomavi.org.br\/index.php?rest_route=%2Fwp%2Fv2%2Fmedia&parent=10832"}],"wp:term":[{"taxonomy":"category","embeddable":true,"href":"https:\/\/sincomavi.org.br\/index.php?rest_route=%2Fwp%2Fv2%2Fcategories&post=10832"},{"taxonomy":"post_tag","embeddable":true,"href":"https:\/\/sincomavi.org.br\/index.php?rest_route=%2Fwp%2Fv2%2Ftags&post=10832"}],"curies":[{"name":"wp","href":"https:\/\/api.w.org\/{rel}","templated":true}]}}