{"id":10756,"date":"2023-10-19T11:31:41","date_gmt":"2023-10-19T14:31:41","guid":{"rendered":"https:\/\/sincomavi.org.br\/?p=10756"},"modified":"2023-10-19T12:11:53","modified_gmt":"2023-10-19T15:11:53","slug":"cnc-fecomerciosp-e-sindicatos-reforcam-a-importancia-do-parcelamento-junto-as-autoridades","status":"publish","type":"post","link":"https:\/\/sincomavi.org.br\/?p=10756","title":{"rendered":"CNC, FecomercioSP e sindicatos refor\u00e7am a import\u00e2ncia do parcelamento junto \u00e0s autoridades"},"content":{"rendered":"\n<hr class=\"wp-block-separator has-alpha-channel-opacity is-style-default\"\/>\n\n\n<div class=\"wp-block-post-date\"><time datetime=\"2023-10-19T11:31:41-03:00\">19 de outubro de 2023<\/time><\/div>\n\n\n<p>Desde o an\u00fancio da poss\u00edvel extin\u00e7\u00e3o do parcelamento sem juros, a Confedera\u00e7\u00e3o Nacional do Com\u00e9rcio de Bens, Servi\u00e7os e Turismo (CNC), a Federa\u00e7\u00e3o do Com\u00e9rcio de Bens, Servi\u00e7os e Turismo (FecomercioSP) e os sindicatos filiados, inclusive o Sincomavi, t\u00eam procurado representantes do executivo e legislativo para mostrar a import\u00e2ncia dessa forma de pagamento para o varejo e seus impactos no consumo nacional.<\/p>\n\n\n\n<p>Al\u00e9m do envio de of\u00edcio para o Ministro Fernando Haddad, em 16 de agosto deste ano, a FecomercioSP fez um levantamento, a partir de dados da <a href=\"https:\/\/api.abecs.org.br\/wp-content\/uploads\/2023\/02\/Abecs-Apresentacao-2022.pdf\"><strong>Associa\u00e7\u00e3o Brasileira das Empresas de Cart\u00f5es de Cr\u00e9dito e Servi\u00e7os (Abecs)<\/strong><\/a> e do Banco Central, que mostra que o cart\u00e3o de cr\u00e9dito \u00e9 respons\u00e1vel por 50% das opera\u00e7\u00f5es de venda do varejo. Com o fim do parcelado sem juros, os principais neg\u00f3cios afetados ser\u00e3o as micro e pequenas empresas, que n\u00e3o possuem recursos para bancar cr\u00e9dito ao consumidor.<\/p>\n\n\n<style>.kb-image10756_1eeb16-6a .kb-image-has-overlay:after{opacity:0.3;}<\/style>\n<figure class=\"wp-block-kadence-image kb-image10756_1eeb16-6a size-large\"><img loading=\"lazy\" decoding=\"async\" width=\"1024\" height=\"610\" src=\"https:\/\/sincomavi.org.br\/wp-content\/uploads\/2023\/10\/Abecs-Apresentacao-2022-24-1024x610.jpg\" alt=\"\" class=\"kb-img wp-image-10758\" srcset=\"https:\/\/sincomavi.org.br\/wp-content\/uploads\/2023\/10\/Abecs-Apresentacao-2022-24-1024x610.jpg 1024w, https:\/\/sincomavi.org.br\/wp-content\/uploads\/2023\/10\/Abecs-Apresentacao-2022-24-300x179.jpg 300w, https:\/\/sincomavi.org.br\/wp-content\/uploads\/2023\/10\/Abecs-Apresentacao-2022-24-768x458.jpg 768w, https:\/\/sincomavi.org.br\/wp-content\/uploads\/2023\/10\/Abecs-Apresentacao-2022-24-705x420.jpg 705w, https:\/\/sincomavi.org.br\/wp-content\/uploads\/2023\/10\/Abecs-Apresentacao-2022-24-640x381.jpg 640w, https:\/\/sincomavi.org.br\/wp-content\/uploads\/2023\/10\/Abecs-Apresentacao-2022-24-681x406.jpg 681w, https:\/\/sincomavi.org.br\/wp-content\/uploads\/2023\/10\/Abecs-Apresentacao-2022-24.jpg 1400w\" sizes=\"auto, (max-width: 1024px) 100vw, 1024px\" \/><figcaption>Fontes: Abecs\/Banco Central<\/figcaption><\/figure>\n\n\n\n<p>Tal participa\u00e7\u00e3o nas vendas do parcelado foi confirmada na pesquisa realizada pela CNC junto a 6 mil empresas de v\u00e1rios segmentos e portes em 26 capitais e no Distrito Federal. O trabalho verificou que 47,1% dos estabelecimentos do varejo t\u00eam metade das vendas vinculadas ao uso do cart\u00e3o de cr\u00e9dito, sem juros.<\/p>\n\n\n\n<figure class=\"wp-block-video\"><video controls src=\"https:\/\/sincomavi.org.br\/wp-content\/uploads\/2023\/10\/IZIS-CNC-2023.mp4\"><\/video><\/figure>\n\n\n\n<p>A CNC tamb\u00e9m entregou ao Minist\u00e9rio da Fazenda, em 28 de setembro, um estudo que embasa o posicionamento da entidade para que seja mantido o parcelamento sem juros, sem interven\u00e7\u00e3o nas condi\u00e7\u00f5es de mercado.<\/p>\n\n\n\n<p>Em recente pronunciamento, Jos\u00e9 Roberto Tadros, presidente da CNC, comentou que o parcelamento sem juros incentiva compras e o aumento do t\u00edquete m\u00e9dio das vendas, atraindo consumidores que preferem distribuir o pagamento ao longo de parcelas sem encargos adicionais. \u201cQuaisquer restri\u00e7\u00f5es a essa forma de pagamento ter\u00e3o enormes implica\u00e7\u00f5es no consumo de bens dur\u00e1veis\u201d, advertiu. Em sua opini\u00e3o, obst\u00e1culos para uso dessa modalidade podem causar um problema econ\u00f4mico de grandes propor\u00e7\u00f5es.&nbsp;<\/p>\n\n\n\n<hr class=\"wp-block-separator has-alpha-channel-opacity is-style-default\"\/>\n","protected":false},"excerpt":{"rendered":"<p>Desde o an\u00fancio da poss\u00edvel extin\u00e7\u00e3o do parcelamento sem juros, a Confedera\u00e7\u00e3o Nacional do Com\u00e9rcio de Bens, Servi\u00e7os e Turismo (CNC), a Federa\u00e7\u00e3o do Com\u00e9rcio de Bens, Servi\u00e7os e Turismo (FecomercioSP) e os sindicatos filiados, inclusive o Sincomavi, t\u00eam procurado representantes do executivo e legislativo para mostrar a import\u00e2ncia dessa forma de pagamento para o [&hellip;]<\/p>\n","protected":false},"author":1,"featured_media":10759,"comment_status":"closed","ping_status":"open","sticky":false,"template":"","format":"standard","meta":{"tdm_status":"","tdm_grid_status":"","footnotes":""},"categories":[157],"tags":[573,288,580,1242,405,1243,579],"class_list":["post-10756","post","type-post","status-publish","format-standard","has-post-thumbnail","hentry","category-alerta","tag-cartao-de-credito","tag-cnc","tag-fecomerciosp","tag-parcelado","tag-parcelamento","tag-sem-juros","tag-sistema-sindical"],"amp_enabled":true,"_links":{"self":[{"href":"https:\/\/sincomavi.org.br\/index.php?rest_route=\/wp\/v2\/posts\/10756","targetHints":{"allow":["GET"]}}],"collection":[{"href":"https:\/\/sincomavi.org.br\/index.php?rest_route=\/wp\/v2\/posts"}],"about":[{"href":"https:\/\/sincomavi.org.br\/index.php?rest_route=\/wp\/v2\/types\/post"}],"author":[{"embeddable":true,"href":"https:\/\/sincomavi.org.br\/index.php?rest_route=\/wp\/v2\/users\/1"}],"replies":[{"embeddable":true,"href":"https:\/\/sincomavi.org.br\/index.php?rest_route=%2Fwp%2Fv2%2Fcomments&post=10756"}],"version-history":[{"count":6,"href":"https:\/\/sincomavi.org.br\/index.php?rest_route=\/wp\/v2\/posts\/10756\/revisions"}],"predecessor-version":[{"id":10770,"href":"https:\/\/sincomavi.org.br\/index.php?rest_route=\/wp\/v2\/posts\/10756\/revisions\/10770"}],"wp:featuredmedia":[{"embeddable":true,"href":"https:\/\/sincomavi.org.br\/index.php?rest_route=\/wp\/v2\/media\/10759"}],"wp:attachment":[{"href":"https:\/\/sincomavi.org.br\/index.php?rest_route=%2Fwp%2Fv2%2Fmedia&parent=10756"}],"wp:term":[{"taxonomy":"category","embeddable":true,"href":"https:\/\/sincomavi.org.br\/index.php?rest_route=%2Fwp%2Fv2%2Fcategories&post=10756"},{"taxonomy":"post_tag","embeddable":true,"href":"https:\/\/sincomavi.org.br\/index.php?rest_route=%2Fwp%2Fv2%2Ftags&post=10756"}],"curies":[{"name":"wp","href":"https:\/\/api.w.org\/{rel}","templated":true}]}}