{"id":10668,"date":"2023-10-10T11:21:29","date_gmt":"2023-10-10T14:21:29","guid":{"rendered":"https:\/\/sincomavi.org.br\/?p=10668"},"modified":"2023-10-10T14:57:08","modified_gmt":"2023-10-10T17:57:08","slug":"convocacao-assembleia-geral-extraordinaria-age-2","status":"publish","type":"post","link":"https:\/\/sincomavi.org.br\/?p=10668","title":{"rendered":"Convoca\u00e7\u00e3o: Assembleia Geral Extraordin\u00e1ria (AGE)"},"content":{"rendered":"\n<hr class=\"wp-block-separator has-alpha-channel-opacity is-style-default\"\/>\n\n\n<div class=\"wp-block-post-date\"><time datetime=\"2023-10-10T11:21:29-03:00\">10 de outubro de 2023<\/time><\/div>\n\n\n<p>Convocamos todas as empresas das categorias econ\u00f4micas representadas pelo Sincomavi, associadas ou n\u00e3o, para participarem da Assembleia Geral Extraordin\u00e1ria (AGE), a ser realizada no em&nbsp;<br>&nbsp;<\/p>\n\n\n\n<h3 class=\"wp-block-heading has-text-align-center\"><strong>25\/10\/2023 | 10h00<br>Rua Boa Vista n\u00ba 356 &#8211;&nbsp; 15\u00ba andar \u2013 Centro<\/strong><\/h3>\n\n\n\n<p><br>a fim de deliberar sobre a seguinte ordem do dia:<br>&nbsp;<\/p>\n\n\n\n<ol class=\"wp-block-list\">\n<li>&nbsp;Negocia\u00e7\u00e3o coletiva com as categorias profissionais dos empregados em geral e categorias diferenciadas.<br>&nbsp;<\/li>\n\n\n\n<li>Discuss\u00e3o e aprova\u00e7\u00e3o dos valores e formas de cobran\u00e7a das contribui\u00e7\u00f5es e retribui\u00e7\u00f5es do exerc\u00edcio de 2023\/2024, inclusive as referentes ao custeio das negocia\u00e7\u00f5es coletivas trabalhistas.<br><br>&nbsp;<\/li>\n<\/ol>\n\n\n\n<p><strong>Obs.:&nbsp;<\/strong>\u00c9 importante a participa\u00e7\u00e3o das empresas, pois os termos assinados na CCT ir\u00e3o impactar todas as categorias representadas pelo Sincomavi e as que n\u00e3o forem representadas por seus respons\u00e1veis legais dever\u00e3o nomear procuradores para esse fim.<\/p>\n\n\n<div class=\"wp-block-image\">\n<figure class=\"alignright size-large is-resized\"><img loading=\"lazy\" decoding=\"async\" src=\"https:\/\/sincomavi.org.br\/wp-content\/uploads\/2022\/05\/LOGO-SINCOMAVI-1024x347.png\" alt=\"\" class=\"wp-image-8219\" style=\"width:165px;height:56px\" width=\"165\" height=\"56\" srcset=\"https:\/\/sincomavi.org.br\/wp-content\/uploads\/2022\/05\/LOGO-SINCOMAVI-1024x347.png 1024w, https:\/\/sincomavi.org.br\/wp-content\/uploads\/2022\/05\/LOGO-SINCOMAVI-300x102.png 300w, https:\/\/sincomavi.org.br\/wp-content\/uploads\/2022\/05\/LOGO-SINCOMAVI-768x260.png 768w, https:\/\/sincomavi.org.br\/wp-content\/uploads\/2022\/05\/LOGO-SINCOMAVI-1536x520.png 1536w, https:\/\/sincomavi.org.br\/wp-content\/uploads\/2022\/05\/LOGO-SINCOMAVI-2048x694.png 2048w, https:\/\/sincomavi.org.br\/wp-content\/uploads\/2022\/05\/LOGO-SINCOMAVI-1240x420.png 1240w, https:\/\/sincomavi.org.br\/wp-content\/uploads\/2022\/05\/LOGO-SINCOMAVI-640x217.png 640w, https:\/\/sincomavi.org.br\/wp-content\/uploads\/2022\/05\/LOGO-SINCOMAVI-681x231.png 681w\" sizes=\"auto, (max-width: 165px) 100vw, 165px\" \/><\/figure><\/div>\n\n\n<p><\/p>\n\n\n\n<div style=\"height:30px\" aria-hidden=\"true\" class=\"wp-block-spacer\"><\/div>\n\n\n\n<hr class=\"wp-block-separator has-alpha-channel-opacity is-style-default\"\/>\n","protected":false},"excerpt":{"rendered":"<p>Convocamos todas as empresas das categorias econ\u00f4micas representadas pelo Sincomavi, associadas ou n\u00e3o, para participarem da Assembleia Geral Extraordin\u00e1ria (AGE), a ser realizada no em&nbsp;&nbsp; 25\/10\/2023 | 10h00Rua Boa Vista n\u00ba 356 &#8211;&nbsp; 15\u00ba andar \u2013 Centro a fim de deliberar sobre a seguinte ordem do dia:&nbsp; Obs.:&nbsp;\u00c9 importante a participa\u00e7\u00e3o das empresas, pois os [&hellip;]<\/p>\n","protected":false},"author":1,"featured_media":10669,"comment_status":"closed","ping_status":"open","sticky":false,"template":"","format":"standard","meta":{"tdm_status":"","tdm_grid_status":"","footnotes":""},"categories":[157],"tags":[824,254],"class_list":["post-10668","post","type-post","status-publish","format-standard","has-post-thumbnail","hentry","category-alerta","tag-age","tag-assembleia-geral-extraordinaria"],"amp_enabled":true,"_links":{"self":[{"href":"https:\/\/sincomavi.org.br\/index.php?rest_route=\/wp\/v2\/posts\/10668","targetHints":{"allow":["GET"]}}],"collection":[{"href":"https:\/\/sincomavi.org.br\/index.php?rest_route=\/wp\/v2\/posts"}],"about":[{"href":"https:\/\/sincomavi.org.br\/index.php?rest_route=\/wp\/v2\/types\/post"}],"author":[{"embeddable":true,"href":"https:\/\/sincomavi.org.br\/index.php?rest_route=\/wp\/v2\/users\/1"}],"replies":[{"embeddable":true,"href":"https:\/\/sincomavi.org.br\/index.php?rest_route=%2Fwp%2Fv2%2Fcomments&post=10668"}],"version-history":[{"count":4,"href":"https:\/\/sincomavi.org.br\/index.php?rest_route=\/wp\/v2\/posts\/10668\/revisions"}],"predecessor-version":[{"id":10696,"href":"https:\/\/sincomavi.org.br\/index.php?rest_route=\/wp\/v2\/posts\/10668\/revisions\/10696"}],"wp:featuredmedia":[{"embeddable":true,"href":"https:\/\/sincomavi.org.br\/index.php?rest_route=\/wp\/v2\/media\/10669"}],"wp:attachment":[{"href":"https:\/\/sincomavi.org.br\/index.php?rest_route=%2Fwp%2Fv2%2Fmedia&parent=10668"}],"wp:term":[{"taxonomy":"category","embeddable":true,"href":"https:\/\/sincomavi.org.br\/index.php?rest_route=%2Fwp%2Fv2%2Fcategories&post=10668"},{"taxonomy":"post_tag","embeddable":true,"href":"https:\/\/sincomavi.org.br\/index.php?rest_route=%2Fwp%2Fv2%2Ftags&post=10668"}],"curies":[{"name":"wp","href":"https:\/\/api.w.org\/{rel}","templated":true}]}}