{"id":10645,"date":"2023-10-05T08:41:57","date_gmt":"2023-10-05T11:41:57","guid":{"rendered":"https:\/\/sincomavi.org.br\/?p=10645"},"modified":"2023-10-05T08:41:59","modified_gmt":"2023-10-05T11:41:59","slug":"movimento-do-mercado-tem-alta-de-05-em-agosto","status":"publish","type":"post","link":"https:\/\/sincomavi.org.br\/?p=10645","title":{"rendered":"Movimento do mercado tem alta de 0,5% em agosto"},"content":{"rendered":"\n<hr class=\"wp-block-separator has-alpha-channel-opacity is-style-default\"\/>\n\n\n\n<p>Foi registrado um aumento de 0,5% em agosto no indicador antecedente de Movimento do Com\u00e9rcio, da Boa Vista, em compara\u00e7\u00e3o com o m\u00eas anterior. Esse \u00edndice busca acompanhar os resultados do varejo em territ\u00f3rio nacional.<\/p>\n\n\n\n<p>O indicador contou com uma varia\u00e7\u00e3o positiva de 0,8% no ano e de 1,8% em 12 meses.<\/p>\n\n\n\n<p class=\"has-text-align-center\"><img loading=\"lazy\" decoding=\"async\" width=\"351\" height=\"171\" src=\"https:\/\/lh3.googleusercontent.com\/Zzh-a8luW1FjBGct39sdija9YAq6FlsjzAH73Y1BlITvp9lNjlGk4bLVeM_EFRBh07AAQVug7RDcWuXO__OMi__mjva4w_6FuaHglUktp9en9QS_z2QXTfjE1aKaMl9MSaEJi8l6a1zja-6-X2JIkXk\"><\/p>\n\n\n\n<p>Para o economista Fl\u00e1vio Calife, v\u00e1rios fatores contribu\u00edram para a melhora no desempenho do varejo, como o aumento na renda real, os bons n\u00fameros de emprego, a queda na taxa Selic e na inadimpl\u00eancia das fam\u00edlias. \u201cO consumidor, por sua vez, est\u00e1 mais confiante e isso acaba refletindo num aumento das vendas, mesmo que este seja ainda t\u00edmido\u201d, finaliza.<\/p>\n\n\n\n<p class=\"has-text-align-center\"><img loading=\"lazy\" decoding=\"async\" src=\"https:\/\/lh5.googleusercontent.com\/IErcA6ACoehAtGwT7SSqjKNaaDECLwa6RbSDnvlxR5V4eDuek5Tgu9XvOVbzWJ4Xebo-xmEPdl7Tn-PMrN1KeM_YzVBRx6BP4HZYRQqACx7kOeeJBODMmKMza2MMz6clsqWFf23aGe6RVnlyWbB9584\" width=\"350\" height=\"87\"><\/p>\n\n\n\n<hr class=\"wp-block-separator has-alpha-channel-opacity is-style-default\"\/>\n","protected":false},"excerpt":{"rendered":"<p>Foi registrado um aumento de 0,5% em agosto no indicador antecedente de Movimento do Com\u00e9rcio, da Boa Vista, em compara\u00e7\u00e3o com o m\u00eas anterior. Esse \u00edndice busca acompanhar os resultados do varejo em territ\u00f3rio nacional. O indicador contou com uma varia\u00e7\u00e3o positiva de 0,8% no ano e de 1,8% em 12 meses. Para o economista [&hellip;]<\/p>\n","protected":false},"author":1,"featured_media":10646,"comment_status":"closed","ping_status":"open","sticky":false,"template":"","format":"standard","meta":{"tdm_status":"","tdm_grid_status":"","footnotes":""},"categories":[153],"tags":[809,199,1069,200],"class_list":["post-10645","post","type-post","status-publish","format-standard","has-post-thumbnail","hentry","category-noticias","tag-boa-vista","tag-comercio","tag-movimento-do-comercio","tag-varejo"],"amp_enabled":true,"_links":{"self":[{"href":"https:\/\/sincomavi.org.br\/index.php?rest_route=\/wp\/v2\/posts\/10645","targetHints":{"allow":["GET"]}}],"collection":[{"href":"https:\/\/sincomavi.org.br\/index.php?rest_route=\/wp\/v2\/posts"}],"about":[{"href":"https:\/\/sincomavi.org.br\/index.php?rest_route=\/wp\/v2\/types\/post"}],"author":[{"embeddable":true,"href":"https:\/\/sincomavi.org.br\/index.php?rest_route=\/wp\/v2\/users\/1"}],"replies":[{"embeddable":true,"href":"https:\/\/sincomavi.org.br\/index.php?rest_route=%2Fwp%2Fv2%2Fcomments&post=10645"}],"version-history":[{"count":1,"href":"https:\/\/sincomavi.org.br\/index.php?rest_route=\/wp\/v2\/posts\/10645\/revisions"}],"predecessor-version":[{"id":10647,"href":"https:\/\/sincomavi.org.br\/index.php?rest_route=\/wp\/v2\/posts\/10645\/revisions\/10647"}],"wp:featuredmedia":[{"embeddable":true,"href":"https:\/\/sincomavi.org.br\/index.php?rest_route=\/wp\/v2\/media\/10646"}],"wp:attachment":[{"href":"https:\/\/sincomavi.org.br\/index.php?rest_route=%2Fwp%2Fv2%2Fmedia&parent=10645"}],"wp:term":[{"taxonomy":"category","embeddable":true,"href":"https:\/\/sincomavi.org.br\/index.php?rest_route=%2Fwp%2Fv2%2Fcategories&post=10645"},{"taxonomy":"post_tag","embeddable":true,"href":"https:\/\/sincomavi.org.br\/index.php?rest_route=%2Fwp%2Fv2%2Ftags&post=10645"}],"curies":[{"name":"wp","href":"https:\/\/api.w.org\/{rel}","templated":true}]}}