{"id":10616,"date":"2023-10-02T09:00:00","date_gmt":"2023-10-02T12:00:00","guid":{"rendered":"https:\/\/sincomavi.org.br\/?p=10616"},"modified":"2023-10-02T07:52:40","modified_gmt":"2023-10-02T10:52:40","slug":"vendas-avancam-mas-lancamentos-imobiliarios-caem-em-sp","status":"publish","type":"post","link":"https:\/\/sincomavi.org.br\/?p=10616","title":{"rendered":"Vendas avan\u00e7am, mas lan\u00e7amentos imobili\u00e1rios caem em SP\u00a0"},"content":{"rendered":"\n<hr class=\"wp-block-separator has-alpha-channel-opacity is-style-default\"\/>\n\n\n<div class=\"wp-block-post-date\"><time datetime=\"2023-10-02T09:00:00-03:00\">2 de outubro de 2023<\/time><\/div>\n\n\n<p>8.029 im\u00f3veis residenciais novos foram comercializados na cidade de S\u00e3o Paulo em agosto, segundo o Secovi-SP, entidade que representa o setor imobili\u00e1rio. Esse n\u00famero \u00e9 37,8% superior \u00e0s vendas de julho e 43,1% maior que o patamar registrado em agosto do ano passado. Em doze meses, o total de im\u00f3veis residenciais novos vendidos atingiu 73.176 unidades &#8211; um avan\u00e7o significativo em compara\u00e7\u00e3o com a taxa acumulada nos meses anteriores.<\/p>\n\n\n\n<p class=\"has-text-align-center\"><strong>Evolu\u00e7\u00e3o das vendas mensais e acumuladas em 12 meses de unidades residenciais novas em S\u00e3o Paulo (SP<\/strong>)<\/p>\n\n\n\n<p class=\"has-text-align-center\"><img loading=\"lazy\" decoding=\"async\" width=\"566\" height=\"336\" src=\"https:\/\/lh3.googleusercontent.com\/EMtPTjjKUkqZWQM5d-Blpmt2D33kVf574GiyRel5TEsAzOeaFBLIbL7uMJ5jwU-CAtjyhCW48912X0_u72A5RECmGy2lle9clhFKWkLVf0XFu395-8gaWe9z_Lc2AbUxrwkf8cQDXNLSERPoIfPW7A\"><\/p>\n\n\n\n<p class=\"has-text-align-right\">Fonte: Secovi<\/p>\n\n\n\n<p>As vendas aumentaram em agosto, mas o mesmo fen\u00f4meno n\u00e3o ocorreu em rela\u00e7\u00e3o aos lan\u00e7amentos. Foram 6.363 unidades novas, queda de 10% em rela\u00e7\u00e3o a agosto de 2022. \u201cAinda que em contraposi\u00e7\u00e3o a julho de 2023 tenha ocorrido um crescimento significativo do indicador\u201d, pondera o economista Jaime Vasconcellos. Como o resultado alcan\u00e7ado ficou inferior ao mesmo m\u00eas do ano passado, em doze meses s\u00e3o 70.909 unidades lan\u00e7adas, o mercado apresenta uma cont\u00ednua desacelera\u00e7\u00e3o no acumulado do per\u00edodo analisado, como pode ser observado no gr\u00e1fico abaixo.<\/p>\n\n\n\n<p class=\"has-text-align-center\"><strong>Evolu\u00e7\u00e3o dos lan\u00e7amentos mensais e acumulados em 12 meses de unidades residenciais em S\u00e3o Paulo (SP<\/strong>)<\/p>\n\n\n\n<p class=\"has-text-align-center\"><img loading=\"lazy\" decoding=\"async\" width=\"569\" height=\"343\" src=\"https:\/\/lh3.googleusercontent.com\/mzeR3gL-lm2gwB5wxq04wfL93I7L845Bwnl-5bdu6aXE9DUZbwnwWt9_Bo0xmxjvjrEeqEo785R1MTpy-W0Ds1h2B--9VYV8xRstgA_dtKScPijmOI2y95Hc9bkeu-m25XgygWcHeBpW8gnYvl4ANw\"><\/p>\n\n\n\n<p class=\"has-text-align-right\">Fonte: Secovi<\/p>\n\n\n\n<p>\u201cRealmente os n\u00fameros de vendas surpreenderam positivamente em agosto, refor\u00e7ando um ano onde este indicador mostra evolu\u00e7\u00e3o de 8,6% at\u00e9 o oitavo m\u00eas\u201d, observa Jaime. \u201cDe toda forma, s\u00e3o necess\u00e1rios novos n\u00fameros positivos para fecharmos uma an\u00e1lise mais consistente de que estamos em forte acelera\u00e7\u00e3o. Por\u00e9m, n\u00e3o podemos excluir a constata\u00e7\u00e3o que o ritmo da comercializa\u00e7\u00e3o de im\u00f3veis residenciais novos na cidade de S\u00e3o Paulo em 2023 tem sido resiliente\u201d.<\/p>\n\n\n\n<p>J\u00e1 os lan\u00e7amentos enfrentaram um novo cap\u00edtulo de arrefecimento em rela\u00e7\u00e3o ao ano passado. De janeiro a agosto, inclusive, registra-se 9% de retra\u00e7\u00e3o deste indicador. \u201cA despeito deste horizonte futuro menos otimista, ainda se v\u00ea um mercado imobili\u00e1rio aquecido, puxado por um mercado de trabalho que continua avan\u00e7ando, por uma infla\u00e7\u00e3o mais baixa ao consumidor e at\u00e9 mesmo pela esperan\u00e7a por linhas de cr\u00e9dito mais baratas, com as perspectivas de continuidade das baixas na Selic\u201d, finaliza.&nbsp;<\/p>\n\n\n\n<hr class=\"wp-block-separator has-alpha-channel-opacity is-style-default\"\/>\n","protected":false},"excerpt":{"rendered":"<p>8.029 im\u00f3veis residenciais novos foram comercializados na cidade de S\u00e3o Paulo em agosto, segundo o Secovi-SP, entidade que representa o setor imobili\u00e1rio. Esse n\u00famero \u00e9 37,8% superior \u00e0s vendas de julho e 43,1% maior que o patamar registrado em agosto do ano passado. Em doze meses, o total de im\u00f3veis residenciais novos vendidos atingiu 73.176 [&hellip;]<\/p>\n","protected":false},"author":1,"featured_media":10617,"comment_status":"closed","ping_status":"open","sticky":false,"template":"","format":"standard","meta":{"tdm_status":"","tdm_grid_status":"","footnotes":""},"categories":[153],"tags":[621],"class_list":["post-10616","post","type-post","status-publish","format-standard","has-post-thumbnail","hentry","category-noticias","tag-mercado-imobiliario"],"amp_enabled":true,"_links":{"self":[{"href":"https:\/\/sincomavi.org.br\/index.php?rest_route=\/wp\/v2\/posts\/10616","targetHints":{"allow":["GET"]}}],"collection":[{"href":"https:\/\/sincomavi.org.br\/index.php?rest_route=\/wp\/v2\/posts"}],"about":[{"href":"https:\/\/sincomavi.org.br\/index.php?rest_route=\/wp\/v2\/types\/post"}],"author":[{"embeddable":true,"href":"https:\/\/sincomavi.org.br\/index.php?rest_route=\/wp\/v2\/users\/1"}],"replies":[{"embeddable":true,"href":"https:\/\/sincomavi.org.br\/index.php?rest_route=%2Fwp%2Fv2%2Fcomments&post=10616"}],"version-history":[{"count":3,"href":"https:\/\/sincomavi.org.br\/index.php?rest_route=\/wp\/v2\/posts\/10616\/revisions"}],"predecessor-version":[{"id":10620,"href":"https:\/\/sincomavi.org.br\/index.php?rest_route=\/wp\/v2\/posts\/10616\/revisions\/10620"}],"wp:featuredmedia":[{"embeddable":true,"href":"https:\/\/sincomavi.org.br\/index.php?rest_route=\/wp\/v2\/media\/10617"}],"wp:attachment":[{"href":"https:\/\/sincomavi.org.br\/index.php?rest_route=%2Fwp%2Fv2%2Fmedia&parent=10616"}],"wp:term":[{"taxonomy":"category","embeddable":true,"href":"https:\/\/sincomavi.org.br\/index.php?rest_route=%2Fwp%2Fv2%2Fcategories&post=10616"},{"taxonomy":"post_tag","embeddable":true,"href":"https:\/\/sincomavi.org.br\/index.php?rest_route=%2Fwp%2Fv2%2Ftags&post=10616"}],"curies":[{"name":"wp","href":"https:\/\/api.w.org\/{rel}","templated":true}]}}