{"id":10597,"date":"2023-09-29T10:17:57","date_gmt":"2023-09-29T13:17:57","guid":{"rendered":"https:\/\/sincomavi.org.br\/?p=10597"},"modified":"2023-09-29T10:23:30","modified_gmt":"2023-09-29T13:23:30","slug":"nao-perca-webinario-como-vender-nas-redes-sociais-no-ead-do-sincomavi","status":"publish","type":"post","link":"https:\/\/sincomavi.org.br\/?p=10597","title":{"rendered":"N\u00e3o perca! Webin\u00e1rio \u201cComo vender nas Redes Sociais\u201d no EAD"},"content":{"rendered":"\n<hr class=\"wp-block-separator has-alpha-channel-opacity is-style-default\"\/>\n\n\n<div class=\"wp-block-post-date\"><time datetime=\"2023-09-29T10:17:57-03:00\">29 de setembro de 2023<\/time><\/div>\n\n\n<p>J\u00e1 est\u00e1 dispon\u00edvel aos interessados o v\u00eddeo com todo o conte\u00fado do webin\u00e1rio \u201cComo vender nas Redes Sociais\u201d, com o empres\u00e1rio Andr\u00e9 Garcia, engenheiro Civil formado pela UFSCar, MBA em Gest\u00e3o Empresarial pela F.G.V. e especializa\u00e7\u00e3o em Modelagem de Neg\u00f3cios Inovadores pela Unicamp. O evento foi realizado em 12 de setembro de 2023 e contou com a participa\u00e7\u00e3o de 36 pessoas.<\/p>\n\n\n\n<p>Na apresenta\u00e7\u00e3o, Andr\u00e9 passa por todos os pontos que podem levar o lojista a ter sucesso em sua estrat\u00e9gia de explorar as Redes Sociais como canal de vendas.<\/p>\n\n\n<style>.wp-block-kadence-advancedbtn.kb-btns10597_9fb95e-82{gap:var(--global-kb-gap-xs, 0.5rem );justify-content:center;align-items:center;}.kt-btns10597_9fb95e-82 .kt-button{font-weight:normal;font-style:normal;}.kt-btns10597_9fb95e-82 .kt-btn-wrap-0{margin-right:5px;}.wp-block-kadence-advancedbtn.kt-btns10597_9fb95e-82 .kt-btn-wrap-0 .kt-button{color:#555555;border-color:#555555;}.wp-block-kadence-advancedbtn.kt-btns10597_9fb95e-82 .kt-btn-wrap-0 .kt-button:hover, .wp-block-kadence-advancedbtn.kt-btns10597_9fb95e-82 .kt-btn-wrap-0 .kt-button:focus{color:#ffffff;border-color:#444444;}.wp-block-kadence-advancedbtn.kt-btns10597_9fb95e-82 .kt-btn-wrap-0 .kt-button::before{display:none;}.wp-block-kadence-advancedbtn.kt-btns10597_9fb95e-82 .kt-btn-wrap-0 .kt-button:hover, .wp-block-kadence-advancedbtn.kt-btns10597_9fb95e-82 .kt-btn-wrap-0 .kt-button:focus{background:#444444;}<\/style>\n<div class=\"wp-block-kadence-advancedbtn kb-buttons-wrap kb-btns10597_9fb95e-82\"><style>ul.menu .wp-block-kadence-advancedbtn .kb-btn10597_274cda-f3.kb-button{width:initial;}<\/style><a class=\"kb-button kt-button button kb-btn10597_274cda-f3 kt-btn-size-standard kt-btn-width-type-auto kb-btn-global-fill  kt-btn-has-text-true kt-btn-has-svg-false  wp-block-kadence-singlebtn\" href=\"https:\/\/sincomavi.online\/course\/webinario-como-vender-nas-redes-sociais\/\" target=\"_blank\" rel=\"noreferrer noopener\"><span class=\"kt-btn-inner-text\">CLIQUE AQUI<\/span><\/a><\/div>\n\n\n\n<div style=\"height:16px\" aria-hidden=\"true\" class=\"wp-block-spacer\"><\/div>\n\n\n\n<h2 class=\"wp-block-heading\">Desconto<\/h2>\n\n\n\n<p>A Academia Matcon promover\u00e1 a partir de 18 de outubro o \u201cTreinamento e consultoria: Como vender mais conectando canais f\u00edsico, digital e redes sociais\u201d.<br><strong>Contribuintes do Sincomavi contam com condi\u00e7\u00f5es especiais:\u00a0<\/strong>encontro suplementar, totalizando quatro reuni\u00f5es, com dura\u00e7\u00e3o de\u00a0 90 minutos, para debater sobre os assuntos abordados nas aulas ou\u00a0an\u00e1lise das redes sociais da empresa com feedback para melhorias e a\u00e7\u00f5es pr\u00e1ticas.<\/p>\n\n\n\n<p>Confira o recado de Andr\u00e9 Garcia, respons\u00e1vel pelo treinamento no v\u00eddeo abaixo, e fa\u00e7a a sua inscri\u00e7\u00e3o em <a href=\"https:\/\/form.typeform.com\/to\/Vzp3r6Th\">https:\/\/form.typeform.com\/to\/Vzp3r6Th<\/a>.<\/p>\n\n\n\n<figure class=\"wp-block-video\"><video controls src=\"https:\/\/sincomavi.org.br\/wp-content\/uploads\/2023\/09\/Novo-projeto.mp4\"><\/video><\/figure>\n\n\n\n<hr class=\"wp-block-separator has-alpha-channel-opacity is-style-default\"\/>\n","protected":false},"excerpt":{"rendered":"<p>J\u00e1 est\u00e1 dispon\u00edvel aos interessados o v\u00eddeo com todo o conte\u00fado do webin\u00e1rio \u201cComo vender nas Redes Sociais\u201d, com o empres\u00e1rio Andr\u00e9 Garcia, engenheiro Civil formado pela UFSCar, MBA em Gest\u00e3o Empresarial pela F.G.V. e especializa\u00e7\u00e3o em Modelagem de Neg\u00f3cios Inovadores pela Unicamp. O evento foi realizado em 12 de setembro de 2023 e contou [&hellip;]<\/p>\n","protected":false},"author":1,"featured_media":10602,"comment_status":"closed","ping_status":"open","sticky":false,"template":"","format":"standard","meta":{"tdm_status":"","tdm_grid_status":"","footnotes":""},"categories":[153],"tags":[458,187,352,697,178,343,459],"class_list":["post-10597","post","type-post","status-publish","format-standard","has-post-thumbnail","hentry","category-noticias","tag-desconto","tag-ead","tag-ensino-a-distancia","tag-parceria","tag-treinamento","tag-webinar","tag-webinario"],"amp_enabled":true,"_links":{"self":[{"href":"https:\/\/sincomavi.org.br\/index.php?rest_route=\/wp\/v2\/posts\/10597","targetHints":{"allow":["GET"]}}],"collection":[{"href":"https:\/\/sincomavi.org.br\/index.php?rest_route=\/wp\/v2\/posts"}],"about":[{"href":"https:\/\/sincomavi.org.br\/index.php?rest_route=\/wp\/v2\/types\/post"}],"author":[{"embeddable":true,"href":"https:\/\/sincomavi.org.br\/index.php?rest_route=\/wp\/v2\/users\/1"}],"replies":[{"embeddable":true,"href":"https:\/\/sincomavi.org.br\/index.php?rest_route=%2Fwp%2Fv2%2Fcomments&post=10597"}],"version-history":[{"count":5,"href":"https:\/\/sincomavi.org.br\/index.php?rest_route=\/wp\/v2\/posts\/10597\/revisions"}],"predecessor-version":[{"id":10607,"href":"https:\/\/sincomavi.org.br\/index.php?rest_route=\/wp\/v2\/posts\/10597\/revisions\/10607"}],"wp:featuredmedia":[{"embeddable":true,"href":"https:\/\/sincomavi.org.br\/index.php?rest_route=\/wp\/v2\/media\/10602"}],"wp:attachment":[{"href":"https:\/\/sincomavi.org.br\/index.php?rest_route=%2Fwp%2Fv2%2Fmedia&parent=10597"}],"wp:term":[{"taxonomy":"category","embeddable":true,"href":"https:\/\/sincomavi.org.br\/index.php?rest_route=%2Fwp%2Fv2%2Fcategories&post=10597"},{"taxonomy":"post_tag","embeddable":true,"href":"https:\/\/sincomavi.org.br\/index.php?rest_route=%2Fwp%2Fv2%2Ftags&post=10597"}],"curies":[{"name":"wp","href":"https:\/\/api.w.org\/{rel}","templated":true}]}}