{"id":10560,"date":"2023-09-22T09:43:16","date_gmt":"2023-09-22T12:43:16","guid":{"rendered":"https:\/\/sincomavi.org.br\/?p=10560"},"modified":"2023-09-22T09:47:53","modified_gmt":"2023-09-22T12:47:53","slug":"estabilidade-no-consumo-da-familias-segundo-dados-da-cnc","status":"publish","type":"post","link":"https:\/\/sincomavi.org.br\/?p=10560","title":{"rendered":"Estabilidade no consumo da fam\u00edlias, segundo dados da CNC"},"content":{"rendered":"<style>.wp-block-kadence-spacer.kt-block-spacer-10560_d5ccbc-7a .kt-block-spacer{height:60px;}.wp-block-kadence-spacer.kt-block-spacer-10560_d5ccbc-7a .kt-divider{border-top-width:1px;height:1px;border-top-color:#eee;width:80%;border-top-style:solid;}<\/style>\n<div class=\"wp-block-kadence-spacer aligncenter kt-block-spacer-10560_d5ccbc-7a\"><div class=\"kt-block-spacer kt-block-spacer-halign-center\"><hr class=\"kt-divider\"\/><\/div><\/div>\n\n\n<div class=\"wp-block-post-date__modified-date wp-block-post-date has-text-color has-white-color has-background has-cyan-bluish-gray-background-color has-regular-font-size\"><time datetime=\"2023-09-22T09:47:53-03:00\">22 de setembro de 2023<\/time><\/div>\n\n\n<div style=\"height:28px\" aria-hidden=\"true\" class=\"wp-block-spacer\"><\/div>\n\n\n\n<p>N\u00e3o houve mudan\u00e7a substancial em setembro na Inten\u00e7\u00e3o de Consumo das Fam\u00edlias (ICF) &#8211; uma pesquisa realizada pela Confedera\u00e7\u00e3o Nacional do Com\u00e9rcio de Bens, Servi\u00e7os e Turismo (CNC).&nbsp;<\/p>\n\n\n\n<p>O indicador alcan\u00e7ou os 102,6 pontos e se manteve pelo segundo m\u00eas consecutivo acima dos 100 pontos, o que significa uma tend\u00eancia positiva em rela\u00e7\u00e3o ao consumo.&nbsp;<\/p>\n\n\n<style>.kb-image10560_fad447-1d.kb-image-is-ratio-size, .kb-image10560_fad447-1d .kb-image-is-ratio-size{max-width:705px;width:100%;}.wp-block-kadence-column > .kt-inside-inner-col > .kb-image10560_fad447-1d.kb-image-is-ratio-size, .wp-block-kadence-column > .kt-inside-inner-col > .kb-image10560_fad447-1d .kb-image-is-ratio-size{align-self:unset;}.kb-image10560_fad447-1d figure{max-width:705px;}.kb-image10560_fad447-1d .image-is-svg, .kb-image10560_fad447-1d .image-is-svg img{width:100%;}.kb-image10560_fad447-1d .kb-image-has-overlay:after{opacity:0.3;}<\/style>\n<div class=\"wp-block-kadence-image kb-image10560_fad447-1d\"><figure class=\"aligncenter size-large\"><img loading=\"lazy\" decoding=\"async\" width=\"1024\" height=\"396\" src=\"https:\/\/sincomavi.org.br\/wp-content\/uploads\/2023\/09\/cnc1-1024x396.jpg\" alt=\"Fonte: CNC\" class=\"kb-img wp-image-10561\" srcset=\"https:\/\/sincomavi.org.br\/wp-content\/uploads\/2023\/09\/cnc1-1024x396.jpg 1024w, https:\/\/sincomavi.org.br\/wp-content\/uploads\/2023\/09\/cnc1-300x116.jpg 300w, https:\/\/sincomavi.org.br\/wp-content\/uploads\/2023\/09\/cnc1-768x297.jpg 768w, https:\/\/sincomavi.org.br\/wp-content\/uploads\/2023\/09\/cnc1-1087x420.jpg 1087w, https:\/\/sincomavi.org.br\/wp-content\/uploads\/2023\/09\/cnc1-640x247.jpg 640w, https:\/\/sincomavi.org.br\/wp-content\/uploads\/2023\/09\/cnc1-681x263.jpg 681w, https:\/\/sincomavi.org.br\/wp-content\/uploads\/2023\/09\/cnc1.jpg 1400w\" sizes=\"auto, (max-width: 1024px) 100vw, 1024px\" \/><\/figure><\/div>\n\n\n\n<p class=\"has-text-align-right\">Fonte: CNC<\/p>\n\n\n\n<p>O trabalho desenvolvido pela CNC mostra ainda que para os pr\u00f3ximos tr\u00eas meses existe um melhor cen\u00e1rio para o consumo, principalmente de bens dur\u00e1veis: altas de 0,5% e 1,9%, respectivamente. Enquanto isso, a perspectiva profissional e o n\u00edvel de consumo atual sofreram recuos no per\u00edodo analisado, com 2% e 0,2%.<\/p>\n\n\n<style>.kb-image10560_351284-36.kb-image-is-ratio-size, .kb-image10560_351284-36 .kb-image-is-ratio-size{max-width:385px;width:100%;}.wp-block-kadence-column > .kt-inside-inner-col > .kb-image10560_351284-36.kb-image-is-ratio-size, .wp-block-kadence-column > .kt-inside-inner-col > .kb-image10560_351284-36 .kb-image-is-ratio-size{align-self:unset;}.kb-image10560_351284-36 figure{max-width:385px;}.kb-image10560_351284-36 .image-is-svg, .kb-image10560_351284-36 .image-is-svg img{width:100%;}.kb-image10560_351284-36 .kb-image-has-overlay:after{opacity:0.3;}<\/style>\n<div class=\"wp-block-kadence-image kb-image10560_351284-36\"><figure class=\"aligncenter size-full\"><img loading=\"lazy\" decoding=\"async\" width=\"1007\" height=\"842\" src=\"https:\/\/sincomavi.org.br\/wp-content\/uploads\/2023\/09\/cnc2.jpg\" alt=\"Fonte: CNC\" class=\"kb-img wp-image-10562\" srcset=\"https:\/\/sincomavi.org.br\/wp-content\/uploads\/2023\/09\/cnc2.jpg 1007w, https:\/\/sincomavi.org.br\/wp-content\/uploads\/2023\/09\/cnc2-300x251.jpg 300w, https:\/\/sincomavi.org.br\/wp-content\/uploads\/2023\/09\/cnc2-768x642.jpg 768w, https:\/\/sincomavi.org.br\/wp-content\/uploads\/2023\/09\/cnc2-502x420.jpg 502w, https:\/\/sincomavi.org.br\/wp-content\/uploads\/2023\/09\/cnc2-640x535.jpg 640w, https:\/\/sincomavi.org.br\/wp-content\/uploads\/2023\/09\/cnc2-681x569.jpg 681w\" sizes=\"auto, (max-width: 1007px) 100vw, 1007px\" \/><\/figure><\/div>\n\n\n\n<p class=\"has-text-align-right\">Fonte: CNC<\/p>\n\n\n\n<p>Jos\u00e9 Roberto Tandros, presidente da CNC, comenta que \u201cembora o indicador principal demonstre estabilidade, a alta da proje\u00e7\u00e3o de consumo para o \u00faltimo trimestre do ano e a maior seguran\u00e7a no emprego, em geral, s\u00e3o boas not\u00edcias para o varejo, que se prepara para o per\u00edodo de maior faturamento do ano, com datas comemorativas importantes\u201d.<\/p>\n\n\n<style>.wp-block-kadence-spacer.kt-block-spacer-10560_b7ce27-b5 .kt-block-spacer{height:60px;}.wp-block-kadence-spacer.kt-block-spacer-10560_b7ce27-b5 .kt-divider{border-top-width:1px;height:1px;border-top-color:#eee;width:80%;border-top-style:solid;}<\/style>\n<div class=\"wp-block-kadence-spacer aligncenter kt-block-spacer-10560_b7ce27-b5\"><div class=\"kt-block-spacer kt-block-spacer-halign-center\"><hr class=\"kt-divider\"\/><\/div><\/div>\n","protected":false},"excerpt":{"rendered":"<p>N\u00e3o houve mudan\u00e7a substancial em setembro na Inten\u00e7\u00e3o de Consumo das Fam\u00edlias (ICF) &#8211; uma pesquisa realizada pela Confedera\u00e7\u00e3o Nacional do Com\u00e9rcio de Bens, Servi\u00e7os e Turismo (CNC).&nbsp; O indicador alcan\u00e7ou os 102,6 pontos e se manteve pelo segundo m\u00eas consecutivo acima dos 100 pontos, o que significa uma tend\u00eancia positiva em rela\u00e7\u00e3o ao consumo.&nbsp; [&hellip;]<\/p>\n","protected":false},"author":1,"featured_media":10563,"comment_status":"closed","ping_status":"open","sticky":false,"template":"","format":"standard","meta":{"tdm_status":"","tdm_grid_status":"","footnotes":""},"categories":[153],"tags":[288,225,156,632,1039,620,160,654,200],"class_list":["post-10560","post","type-post","status-publish","format-standard","has-post-thumbnail","hentry","category-noticias","tag-cnc","tag-consumo","tag-economia","tag-estudo-setorial","tag-intencao-de-consumo","tag-levantamento","tag-pesquisa","tag-sondagem","tag-varejo"],"amp_enabled":true,"_links":{"self":[{"href":"https:\/\/sincomavi.org.br\/index.php?rest_route=\/wp\/v2\/posts\/10560","targetHints":{"allow":["GET"]}}],"collection":[{"href":"https:\/\/sincomavi.org.br\/index.php?rest_route=\/wp\/v2\/posts"}],"about":[{"href":"https:\/\/sincomavi.org.br\/index.php?rest_route=\/wp\/v2\/types\/post"}],"author":[{"embeddable":true,"href":"https:\/\/sincomavi.org.br\/index.php?rest_route=\/wp\/v2\/users\/1"}],"replies":[{"embeddable":true,"href":"https:\/\/sincomavi.org.br\/index.php?rest_route=%2Fwp%2Fv2%2Fcomments&post=10560"}],"version-history":[{"count":6,"href":"https:\/\/sincomavi.org.br\/index.php?rest_route=\/wp\/v2\/posts\/10560\/revisions"}],"predecessor-version":[{"id":10570,"href":"https:\/\/sincomavi.org.br\/index.php?rest_route=\/wp\/v2\/posts\/10560\/revisions\/10570"}],"wp:featuredmedia":[{"embeddable":true,"href":"https:\/\/sincomavi.org.br\/index.php?rest_route=\/wp\/v2\/media\/10563"}],"wp:attachment":[{"href":"https:\/\/sincomavi.org.br\/index.php?rest_route=%2Fwp%2Fv2%2Fmedia&parent=10560"}],"wp:term":[{"taxonomy":"category","embeddable":true,"href":"https:\/\/sincomavi.org.br\/index.php?rest_route=%2Fwp%2Fv2%2Fcategories&post=10560"},{"taxonomy":"post_tag","embeddable":true,"href":"https:\/\/sincomavi.org.br\/index.php?rest_route=%2Fwp%2Fv2%2Ftags&post=10560"}],"curies":[{"name":"wp","href":"https:\/\/api.w.org\/{rel}","templated":true}]}}