{"id":10484,"date":"2023-09-11T15:24:41","date_gmt":"2023-09-11T18:24:41","guid":{"rendered":"https:\/\/sincomavi.org.br\/?p=10484"},"modified":"2023-09-11T15:24:42","modified_gmt":"2023-09-11T18:24:42","slug":"empregos-julho-teve-o-desempenho-mais-fraco-de-2023","status":"publish","type":"post","link":"https:\/\/sincomavi.org.br\/?p=10484","title":{"rendered":"Empregos: julho teve o desempenho mais fraco de 2023"},"content":{"rendered":"<style>.wp-block-kadence-spacer.kt-block-spacer-_5d2f34-bd .kt-block-spacer{height:60px;}.wp-block-kadence-spacer.kt-block-spacer-_5d2f34-bd .kt-divider{border-top-width:1px;height:1px;border-top-color:#eee;width:80%;border-top-style:solid;}<\/style>\n<div class=\"wp-block-kadence-spacer aligncenter kt-block-spacer-_5d2f34-bd\"><div class=\"kt-block-spacer kt-block-spacer-halign-center\"><hr class=\"kt-divider\"\/><\/div><\/div>\n\n\n\n<p>O mercado de trabalho do varejo de material de constru\u00e7\u00e3o em julho avan\u00e7ou em apenas 113 vagas na Regi\u00e3o Metropolitana de S\u00e3o Paulo (RMSP), segundo dados do Cadastro de Empregados e Desempregados (CAGED), do Minist\u00e9rio do Trabalho. Tal saldo foi resultado de 3.403 admiss\u00f5es e 3.290 desligamentos e representou o pior desempenho de 2023, ainda que marque o s\u00e9timo avan\u00e7o consecutivo do estoque ativo de empregos com carteira assinada.&nbsp;&nbsp;&nbsp;<\/p>\n\n\n\n<h2 class=\"wp-block-heading has-text-align-center\"><strong>Evolu\u00e7\u00e3o do saldo de empregos do varejo de material de constru\u00e7\u00e3o<\/strong><br><strong>RMSP e S\u00e3o Paulo (SP)<\/strong><\/h2>\n\n\n\n<p class=\"has-text-align-center\"><img loading=\"lazy\" decoding=\"async\" src=\"https:\/\/lh3.googleusercontent.com\/AYw9Fp6QpRX2Fr6_ylN_xq4PyGkcHwzmmjvnbFrhWN9r9dfpPkFh9PYCAztcGwQfL5J_WWvptDK680R8Yrplec2vpHKoCbo0ouDUxczGkjG5tXsI6HKf-FGdQ1QSo9KMJLERVfn9tfi2ZGhx3KjTwg\" width=\"553\" height=\"352\"><\/p>\n\n\n\n<p class=\"has-text-align-right\">Fonte: Caged<\/p>\n\n\n\n<p>A an\u00e1lise subsetorial revela que as perdas de postos de trabalho registradas nos estabelecimentos de material de constru\u00e7\u00e3o (-134 vagas) e nos varejistas de cal, areia, pedra, tijolos e telhas (-6 vagas) contrapuseram os avan\u00e7os dos demais segmentos, em especial das lojas de ferragens e ferramentas (+95 vagas), categoria que liderou a demanda com mais admiss\u00f5es que desligamentos em julho.\u00a0<\/p>\n\n\n\n<p class=\"has-text-align-center\"><img loading=\"lazy\" decoding=\"async\" width=\"546\" height=\"284\" src=\"https:\/\/lh6.googleusercontent.com\/9lMD00LMlN00RZz2si8znWSv9nY4hDv70PgAuEVPKbPozPXSNHTDr1Xlkmp_PjTO_3_4OADALcnzQ9nQOr1o-mo2zM3fxrcmLApmqYMNTs0g-ynvrJvn-x92YX22rjqpWHmzT6xNl94cOV87gHL7hQ\"><\/p>\n\n\n\n<p class=\"has-text-align-right\">Fonte: Caged<\/p>\n\n\n\n<p>No acumulado dos sete primeiros meses de 2023 contabiliza-se a cria\u00e7\u00e3o de 1.523 v\u00ednculos empregat\u00edcios pelo segmento na RMSP. Praticamente um ter\u00e7o desta gera\u00e7\u00e3o proveio do varejo de material de constru\u00e7\u00e3o, com 546 vagas.<\/p>\n\n\n\n<p class=\"has-text-align-center\"><img loading=\"lazy\" decoding=\"async\" width=\"516\" height=\"304\" src=\"https:\/\/lh5.googleusercontent.com\/v9RyGcK4aU89Jx_-X_2jwfRN7qMnGLYMqWL5k-_8IzLoQEszOKKgnk95c5F2kyPPzA-UNNFWGExPsDOWndTPE51Uhx9MR8VRhLOUBaJf6XW0pJQbLERp65R5gzB6cAtnLeiPVU0fQQ_39FQS009G4A\"><\/p>\n\n\n\n<p class=\"has-text-align-right\">Fonte: Caged<\/p>\n\n\n\n<p>O economista Jaime Vasconcellos acredita que os n\u00fameros fracos de julho de 2023, principalmente em compara\u00e7\u00e3o ao resultado obtido no mesmo m\u00eas do ano passado, mostram de forma um pouco mais evidente o fen\u00f4meno que as an\u00e1lises anteriores j\u00e1 antecipavam ao varejo de material de constru\u00e7\u00e3o em 2023: \u201cisto \u00e9, de avan\u00e7o t\u00edmido do seu mercado de trabalho, impactado por um cen\u00e1rio de vendas enfraquecidas em rela\u00e7\u00e3o aos anos anteriores e que influenciam, naturalmente, a confian\u00e7a e a capacidade financeira dos empres\u00e1rios em investir em incremento de m\u00e3o de obra formal\u201d. A expectativa para os pr\u00f3ximos anos deve ser de manuten\u00e7\u00e3o desse cen\u00e1rio de saldos pequenos. \u201cCom exce\u00e7\u00e3o do \u00faltimo trimestre, normalmente marcado por mais desligamentos que admiss\u00f5es, sazonalmente\u201d, adverte Jaime.<\/p>\n\n\n<style>.wp-block-kadence-spacer.kt-block-spacer-_3c2a48-e6 .kt-block-spacer{height:60px;}.wp-block-kadence-spacer.kt-block-spacer-_3c2a48-e6 .kt-divider{border-top-width:1px;height:1px;border-top-color:#eee;width:80%;border-top-style:solid;}<\/style>\n<div class=\"wp-block-kadence-spacer aligncenter kt-block-spacer-_3c2a48-e6\"><div class=\"kt-block-spacer kt-block-spacer-halign-center\"><hr class=\"kt-divider\"\/><\/div><\/div>\n","protected":false},"excerpt":{"rendered":"<p>O mercado de trabalho do varejo de material de constru\u00e7\u00e3o em julho avan\u00e7ou em apenas 113 vagas na Regi\u00e3o Metropolitana de S\u00e3o Paulo (RMSP), segundo dados do Cadastro de Empregados e Desempregados (CAGED), do Minist\u00e9rio do Trabalho. Tal saldo foi resultado de 3.403 admiss\u00f5es e 3.290 desligamentos e representou o pior desempenho de 2023, ainda [&hellip;]<\/p>\n","protected":false},"author":1,"featured_media":10486,"comment_status":"closed","ping_status":"open","sticky":false,"template":"","format":"standard","meta":{"tdm_status":"","tdm_grid_status":"","footnotes":""},"categories":[153],"tags":[89,199,156,53,632,620,158,694,160,654,200],"class_list":["post-10484","post","type-post","status-publish","format-standard","has-post-thumbnail","hentry","category-noticias","tag-caged","tag-comercio","tag-economia","tag-emprego","tag-estudo-setorial","tag-levantamento","tag-material-de-construcao","tag-mercado-de-trabalho","tag-pesquisa","tag-sondagem","tag-varejo"],"amp_enabled":true,"_links":{"self":[{"href":"https:\/\/sincomavi.org.br\/index.php?rest_route=\/wp\/v2\/posts\/10484","targetHints":{"allow":["GET"]}}],"collection":[{"href":"https:\/\/sincomavi.org.br\/index.php?rest_route=\/wp\/v2\/posts"}],"about":[{"href":"https:\/\/sincomavi.org.br\/index.php?rest_route=\/wp\/v2\/types\/post"}],"author":[{"embeddable":true,"href":"https:\/\/sincomavi.org.br\/index.php?rest_route=\/wp\/v2\/users\/1"}],"replies":[{"embeddable":true,"href":"https:\/\/sincomavi.org.br\/index.php?rest_route=%2Fwp%2Fv2%2Fcomments&post=10484"}],"version-history":[{"count":1,"href":"https:\/\/sincomavi.org.br\/index.php?rest_route=\/wp\/v2\/posts\/10484\/revisions"}],"predecessor-version":[{"id":10487,"href":"https:\/\/sincomavi.org.br\/index.php?rest_route=\/wp\/v2\/posts\/10484\/revisions\/10487"}],"wp:featuredmedia":[{"embeddable":true,"href":"https:\/\/sincomavi.org.br\/index.php?rest_route=\/wp\/v2\/media\/10486"}],"wp:attachment":[{"href":"https:\/\/sincomavi.org.br\/index.php?rest_route=%2Fwp%2Fv2%2Fmedia&parent=10484"}],"wp:term":[{"taxonomy":"category","embeddable":true,"href":"https:\/\/sincomavi.org.br\/index.php?rest_route=%2Fwp%2Fv2%2Fcategories&post=10484"},{"taxonomy":"post_tag","embeddable":true,"href":"https:\/\/sincomavi.org.br\/index.php?rest_route=%2Fwp%2Fv2%2Ftags&post=10484"}],"curies":[{"name":"wp","href":"https:\/\/api.w.org\/{rel}","templated":true}]}}