{"id":10456,"date":"2023-08-31T08:37:40","date_gmt":"2023-08-31T11:37:40","guid":{"rendered":"https:\/\/sincomavi.org.br\/?p=10456"},"modified":"2023-08-31T08:38:22","modified_gmt":"2023-08-31T11:38:22","slug":"reforma-tributaria-sincomavi-envia-oficio-ao-senado-em-defesa-das-empresas","status":"publish","type":"post","link":"https:\/\/sincomavi.org.br\/?p=10456","title":{"rendered":"Reforma Tribut\u00e1ria: Sincomavi envia of\u00edcio ao Senado em defesa das empresas"},"content":{"rendered":"<style>.wp-block-kadence-spacer.kt-block-spacer-_ac6188-d8 .kt-block-spacer{height:60px;}.wp-block-kadence-spacer.kt-block-spacer-_ac6188-d8 .kt-divider{border-top-width:1px;height:1px;border-top-color:#eee;width:80%;border-top-style:solid;}<\/style>\n<div class=\"wp-block-kadence-spacer aligncenter kt-block-spacer-_ac6188-d8\"><div class=\"kt-block-spacer kt-block-spacer-halign-center\"><hr class=\"kt-divider\"\/><\/div><\/div>\n\n\n\n<p>Diante dos riscos apresentados pelas mudan\u00e7as na legisla\u00e7\u00e3o tribut\u00e1ria, entre eles o previsto aumento da tributa\u00e7\u00e3o, o Sincomavi e a Federa\u00e7\u00e3o do Com\u00e9rcio de Bens, Servi\u00e7os e Turismo do Estado de S\u00e3o Paulo (FecomercioSP) t\u00eam feito gest\u00f5es junto ao Senado Federal para aprimorar as mudan\u00e7as, entre elas a aprova\u00e7\u00e3o da PEC 46\/2022, de autoria do Senador Oriovisto Guimar\u00e3es, que prev\u00ea a uniformiza\u00e7\u00e3o nacional de normas, com a exclus\u00e3o dos tributos da base de c\u00e1lculo deles mesmos e a apura\u00e7\u00e3o da tributa\u00e7\u00e3o realizada no destino. Essa proposta, segundo an\u00e1lise aprofundada, \u00e9 capaz de propiciar a melhoria do ambiente de neg\u00f3cios e a promo\u00e7\u00e3o do desenvolvimento econ\u00f4mico.<\/p>\n\n\n\n<p>O of\u00edcio enviado \u00e0s lideran\u00e7as do Senado solicita ainda que dois pontos da PEC 45\/2019 sejam revistos: a redu\u00e7\u00e3o do cr\u00e9dito do PIS\/PASEP e da COFINS transferido pelas empresas optantes do Simples e o per\u00edodo de transi\u00e7\u00e3o estabelecido, sete anos, considerado muito longo, principalmente diante da complexidade do cumprimento das obriga\u00e7\u00f5es acess\u00f3rias previsto no modelo atual e na Reforma Tribut\u00e1ria.<\/p>\n\n\n\n<p>O Sistema Sindical do Com\u00e9rcio, composto por sindicatos, federa\u00e7\u00f5es estaduais e Confedera\u00e7\u00e3o Nacional do Com\u00e9rcio de Bens, Servi\u00e7os e Turismo (CNC), vem atuando continuamente junto ao poder legislativo, como forma de garantir os direitos do segmento e evitar que decis\u00f5es equivocadas tornem ainda pior o ambiente ao empreendedorismo do Brasil.<\/p>\n\n\n\n<figure class=\"wp-block-image size-large\"><img loading=\"lazy\" decoding=\"async\" width=\"715\" height=\"1024\" src=\"https:\/\/sincomavi.org.br\/wp-content\/uploads\/2023\/08\/oficio_pec_45_2019-senado-1-715x1024.jpg\" alt=\"\" class=\"wp-image-10429\" srcset=\"https:\/\/sincomavi.org.br\/wp-content\/uploads\/2023\/08\/oficio_pec_45_2019-senado-1-715x1024.jpg 715w, https:\/\/sincomavi.org.br\/wp-content\/uploads\/2023\/08\/oficio_pec_45_2019-senado-1-209x300.jpg 209w, https:\/\/sincomavi.org.br\/wp-content\/uploads\/2023\/08\/oficio_pec_45_2019-senado-1-768x1100.jpg 768w, https:\/\/sincomavi.org.br\/wp-content\/uploads\/2023\/08\/oficio_pec_45_2019-senado-1-293x420.jpg 293w, https:\/\/sincomavi.org.br\/wp-content\/uploads\/2023\/08\/oficio_pec_45_2019-senado-1-640x917.jpg 640w, https:\/\/sincomavi.org.br\/wp-content\/uploads\/2023\/08\/oficio_pec_45_2019-senado-1-681x975.jpg 681w, https:\/\/sincomavi.org.br\/wp-content\/uploads\/2023\/08\/oficio_pec_45_2019-senado-1.jpg 900w\" sizes=\"auto, (max-width: 715px) 100vw, 715px\" \/><\/figure>\n\n\n\n<figure class=\"wp-block-image size-large\"><img loading=\"lazy\" decoding=\"async\" width=\"715\" height=\"1024\" src=\"https:\/\/sincomavi.org.br\/wp-content\/uploads\/2023\/08\/oficio_pec_45_2019-senado-2-715x1024.jpg\" alt=\"\" class=\"wp-image-10427\" srcset=\"https:\/\/sincomavi.org.br\/wp-content\/uploads\/2023\/08\/oficio_pec_45_2019-senado-2-715x1024.jpg 715w, https:\/\/sincomavi.org.br\/wp-content\/uploads\/2023\/08\/oficio_pec_45_2019-senado-2-209x300.jpg 209w, https:\/\/sincomavi.org.br\/wp-content\/uploads\/2023\/08\/oficio_pec_45_2019-senado-2-768x1100.jpg 768w, https:\/\/sincomavi.org.br\/wp-content\/uploads\/2023\/08\/oficio_pec_45_2019-senado-2-293x420.jpg 293w, https:\/\/sincomavi.org.br\/wp-content\/uploads\/2023\/08\/oficio_pec_45_2019-senado-2-640x917.jpg 640w, https:\/\/sincomavi.org.br\/wp-content\/uploads\/2023\/08\/oficio_pec_45_2019-senado-2-681x975.jpg 681w, https:\/\/sincomavi.org.br\/wp-content\/uploads\/2023\/08\/oficio_pec_45_2019-senado-2.jpg 900w\" sizes=\"auto, (max-width: 715px) 100vw, 715px\" \/><\/figure>\n\n\n<style>.wp-block-kadence-spacer.kt-block-spacer-_64cfa4-ff .kt-block-spacer{height:60px;}.wp-block-kadence-spacer.kt-block-spacer-_64cfa4-ff .kt-divider{border-top-width:1px;height:1px;border-top-color:#eee;width:80%;border-top-style:solid;}<\/style>\n<div class=\"wp-block-kadence-spacer aligncenter kt-block-spacer-_64cfa4-ff\"><div class=\"kt-block-spacer kt-block-spacer-halign-center\"><hr class=\"kt-divider\"\/><\/div><\/div>\n","protected":false},"excerpt":{"rendered":"<p>Diante dos riscos apresentados pelas mudan\u00e7as na legisla\u00e7\u00e3o tribut\u00e1ria, entre eles o previsto aumento da tributa\u00e7\u00e3o, o Sincomavi e a Federa\u00e7\u00e3o do Com\u00e9rcio de Bens, Servi\u00e7os e Turismo do Estado de S\u00e3o Paulo (FecomercioSP) t\u00eam feito gest\u00f5es junto ao Senado Federal para aprimorar as mudan\u00e7as, entre elas a aprova\u00e7\u00e3o da PEC 46\/2022, de autoria do [&hellip;]<\/p>\n","protected":false},"author":1,"featured_media":10424,"comment_status":"closed","ping_status":"open","sticky":false,"template":"","format":"standard","meta":{"tdm_status":"","tdm_grid_status":"","footnotes":""},"categories":[157],"tags":[300,1216,1215,805,1214,1213,130,284],"class_list":["post-10456","post","type-post","status-publish","format-standard","has-post-thumbnail","hentry","category-alerta","tag-cofins","tag-empresas-de-pequeno-porte","tag-microempresas","tag-mpes","tag-pec-45-2019","tag-pec-46-2022","tag-pis-pasep","tag-reforma-tributaria"],"amp_enabled":true,"_links":{"self":[{"href":"https:\/\/sincomavi.org.br\/index.php?rest_route=\/wp\/v2\/posts\/10456","targetHints":{"allow":["GET"]}}],"collection":[{"href":"https:\/\/sincomavi.org.br\/index.php?rest_route=\/wp\/v2\/posts"}],"about":[{"href":"https:\/\/sincomavi.org.br\/index.php?rest_route=\/wp\/v2\/types\/post"}],"author":[{"embeddable":true,"href":"https:\/\/sincomavi.org.br\/index.php?rest_route=\/wp\/v2\/users\/1"}],"replies":[{"embeddable":true,"href":"https:\/\/sincomavi.org.br\/index.php?rest_route=%2Fwp%2Fv2%2Fcomments&post=10456"}],"version-history":[{"count":3,"href":"https:\/\/sincomavi.org.br\/index.php?rest_route=\/wp\/v2\/posts\/10456\/revisions"}],"predecessor-version":[{"id":10459,"href":"https:\/\/sincomavi.org.br\/index.php?rest_route=\/wp\/v2\/posts\/10456\/revisions\/10459"}],"wp:featuredmedia":[{"embeddable":true,"href":"https:\/\/sincomavi.org.br\/index.php?rest_route=\/wp\/v2\/media\/10424"}],"wp:attachment":[{"href":"https:\/\/sincomavi.org.br\/index.php?rest_route=%2Fwp%2Fv2%2Fmedia&parent=10456"}],"wp:term":[{"taxonomy":"category","embeddable":true,"href":"https:\/\/sincomavi.org.br\/index.php?rest_route=%2Fwp%2Fv2%2Fcategories&post=10456"},{"taxonomy":"post_tag","embeddable":true,"href":"https:\/\/sincomavi.org.br\/index.php?rest_route=%2Fwp%2Fv2%2Ftags&post=10456"}],"curies":[{"name":"wp","href":"https:\/\/api.w.org\/{rel}","templated":true}]}}