{"id":10362,"date":"2023-08-10T10:56:16","date_gmt":"2023-08-10T13:56:16","guid":{"rendered":"https:\/\/sincomavi.org.br\/?p=10362"},"modified":"2023-08-10T10:56:42","modified_gmt":"2023-08-10T13:56:42","slug":"material-de-construcao-vendas-voltam-a-ficar-no-negativo-em-sp","status":"publish","type":"post","link":"https:\/\/sincomavi.org.br\/?p=10362","title":{"rendered":"Material de constru\u00e7\u00e3o: vendas voltam a ficar no negativo em SP"},"content":{"rendered":"<style>.wp-block-kadence-spacer.kt-block-spacer-_6e9969-2d .kt-block-spacer{height:60px;}.wp-block-kadence-spacer.kt-block-spacer-_6e9969-2d .kt-divider{border-top-width:1px;height:1px;border-top-color:#eee;width:80%;border-top-style:solid;}<\/style>\n<div class=\"wp-block-kadence-spacer aligncenter kt-block-spacer-_6e9969-2d\"><div class=\"kt-block-spacer kt-block-spacer-halign-center\"><hr class=\"kt-divider\"\/><\/div><\/div>\n\n\n\n<p>Depois de obter resultado positivo em maio, o volume de vendas do com\u00e9rcio de material de constru\u00e7\u00e3o do Estado de S\u00e3o Paulo em junho novamente sofreu queda em rela\u00e7\u00e3o ao ano passado. Dados da Pesquisa Mensal do Com\u00e9rcio (PMC), do Instituto Brasileiro de Geografia e Estat\u00edstica (IBGE), mostram que o desempenho ficou &#8211; 3,3% abaixo do registrado no mesmo m\u00eas do ano passado. J\u00e1 no plano nacional, houve uma escalada no recuo. Em maio, o retrocesso chegou a &#8211; 2% e, em junho, o resultado se revelou ainda menor na compara\u00e7\u00e3o anual (junho 2022\/junho 2023): &#8211; 2,7%<\/p>\n\n\n\n<p class=\"has-text-align-center\"><strong>Evolu\u00e7\u00e3o mensal do \u00edndice de volume de vendas do com\u00e9rcio de material de constru\u00e7\u00e3o \u2013 M\u00eas contra mesmo m\u00eas do ano anterior<\/strong><\/p>\n\n\n\n<div class=\"wp-block-image\"><figure class=\"aligncenter size-full\"><img loading=\"lazy\" decoding=\"async\" width=\"1013\" height=\"553\" src=\"https:\/\/sincomavi.org.br\/wp-content\/uploads\/2023\/08\/image-4.png\" alt=\"\" class=\"wp-image-10363\" srcset=\"https:\/\/sincomavi.org.br\/wp-content\/uploads\/2023\/08\/image-4.png 1013w, https:\/\/sincomavi.org.br\/wp-content\/uploads\/2023\/08\/image-4-300x164.png 300w, https:\/\/sincomavi.org.br\/wp-content\/uploads\/2023\/08\/image-4-768x419.png 768w, https:\/\/sincomavi.org.br\/wp-content\/uploads\/2023\/08\/image-4-769x420.png 769w, https:\/\/sincomavi.org.br\/wp-content\/uploads\/2023\/08\/image-4-640x350.png 640w, https:\/\/sincomavi.org.br\/wp-content\/uploads\/2023\/08\/image-4-681x372.png 681w\" sizes=\"auto, (max-width: 1013px) 100vw, 1013px\" \/><figcaption><br>Fonte: PMC\/IBGE<\/figcaption><\/figure><\/div>\n\n\n\n<p>\u201cComo a taxa de queda em junho foi mais t\u00edmida que a vista na maioria dos meses anteriores, no acumulado dos \u00faltimos doze meses, verifica-se que h\u00e1 um recuo de &#8211; 5,4% nas vendas paulistas do segmento comercial de material de constru\u00e7\u00e3o\u201d, ressalta o economista Jaime Vasconcellos. Ele lembra ainda que a queda em 12 meses se mostrou a mais amena desde abril de 2022, per\u00edodo no qual alcan\u00e7ou os -2,7%. \u201cApenas para contextualizar, nos doze meses encerrados em maio de 2023 havia sido auferido um recuo de 6,1%\u201d, complementa.<\/p>\n\n\n\n<p class=\"has-text-align-center\"><strong>Evolu\u00e7\u00e3o mensal do \u00edndice de volume de vendas do com\u00e9rcio de materiais de constru\u00e7\u00e3o do Estado de S\u00e3o Paulo: Taxa acumulada em doze meses<\/strong><\/p>\n\n\n\n<div class=\"wp-block-image\"><figure class=\"aligncenter size-full\"><img loading=\"lazy\" decoding=\"async\" width=\"949\" height=\"537\" src=\"https:\/\/sincomavi.org.br\/wp-content\/uploads\/2023\/08\/image-5.png\" alt=\"\" class=\"wp-image-10364\" srcset=\"https:\/\/sincomavi.org.br\/wp-content\/uploads\/2023\/08\/image-5.png 949w, https:\/\/sincomavi.org.br\/wp-content\/uploads\/2023\/08\/image-5-300x170.png 300w, https:\/\/sincomavi.org.br\/wp-content\/uploads\/2023\/08\/image-5-768x435.png 768w, https:\/\/sincomavi.org.br\/wp-content\/uploads\/2023\/08\/image-5-742x420.png 742w, https:\/\/sincomavi.org.br\/wp-content\/uploads\/2023\/08\/image-5-640x362.png 640w, https:\/\/sincomavi.org.br\/wp-content\/uploads\/2023\/08\/image-5-681x385.png 681w\" sizes=\"auto, (max-width: 949px) 100vw, 949px\" \/><figcaption>Fonte: PMC\/IBGE<\/figcaption><\/figure><\/div>\n\n\n\n<p>A an\u00e1lise realizada em maio apontou de forma esperan\u00e7osa o n\u00famero positivo registrado no per\u00edodo. \u201cSe constata, com os resultados de junho, que temos motivos para continuar preocupados com o ritmo de vendas do segmento de material de constru\u00e7\u00e3o, seja na economia paulista ou em n\u00edvel nacional\u201d. Jaime refor\u00e7a que a busca pela estabiliza\u00e7\u00e3o do setor, p\u00f3s fortes quedas de 2022, parece se mais longa do que o esperado e desejado, e dever\u00e1 permear tamb\u00e9m o segundo semestre, ainda que com muitas oscila\u00e7\u00f5es. \u201cContudo, a tend\u00eancia prevista \u00e9 que n\u00e3o teremos grandes amplitudes desses movimentos percentuais, pelo menos n\u00e3o em car\u00e1ter duradouro\u201d, sup\u00f5e.<\/p>\n\n\n\n<p class=\"has-regular-font-size\"><strong>OBS: O Volume de Vendas observado pela PMC resulta da defla\u00e7\u00e3o dos valores nominais correntes da receita bruta de revenda<\/strong> <strong>por \u00edndices de pre\u00e7os espec\u00edficos para cada grupo de atividade, e para cada Unidade da Federa\u00e7\u00e3o, constru\u00eddos a partir dos relativos de pre\u00e7os do IPCA e do Sistema Nacional de Pesquisa de Custos e \u00cdndices da Constru\u00e7\u00e3o Civil \u2013 SINAPI. A pesquisa tamb\u00e9m avalia apenas empresas com 20 ocupados ou mais.<\/strong><\/p>\n\n\n<style>.wp-block-kadence-spacer.kt-block-spacer-_c6c538-cd .kt-block-spacer{height:60px;}.wp-block-kadence-spacer.kt-block-spacer-_c6c538-cd .kt-divider{border-top-width:1px;height:1px;border-top-color:#eee;width:80%;border-top-style:solid;}<\/style>\n<div class=\"wp-block-kadence-spacer aligncenter kt-block-spacer-_c6c538-cd\"><div class=\"kt-block-spacer kt-block-spacer-halign-center\"><hr class=\"kt-divider\"\/><\/div><\/div>\n","protected":false},"excerpt":{"rendered":"<p>Depois de obter resultado positivo em maio, o volume de vendas do com\u00e9rcio de material de constru\u00e7\u00e3o do Estado de S\u00e3o Paulo em junho novamente sofreu queda em rela\u00e7\u00e3o ao ano passado. Dados da Pesquisa Mensal do Com\u00e9rcio (PMC), do Instituto Brasileiro de Geografia e Estat\u00edstica (IBGE), mostram que o desempenho ficou &#8211; 3,3% abaixo [&hellip;]<\/p>\n","protected":false},"author":1,"featured_media":10365,"comment_status":"closed","ping_status":"open","sticky":false,"template":"","format":"standard","meta":{"tdm_status":"","tdm_grid_status":"","footnotes":""},"categories":[153],"tags":[199,156,632,161,620,158,665,162,654,200,75],"class_list":["post-10362","post","type-post","status-publish","format-standard","has-post-thumbnail","hentry","category-noticias","tag-comercio","tag-economia","tag-estudo-setorial","tag-ibge","tag-levantamento","tag-material-de-construcao","tag-pesquisa-mensal-do-comercio","tag-pmc","tag-sondagem","tag-varejo","tag-vendas"],"amp_enabled":true,"_links":{"self":[{"href":"https:\/\/sincomavi.org.br\/index.php?rest_route=\/wp\/v2\/posts\/10362","targetHints":{"allow":["GET"]}}],"collection":[{"href":"https:\/\/sincomavi.org.br\/index.php?rest_route=\/wp\/v2\/posts"}],"about":[{"href":"https:\/\/sincomavi.org.br\/index.php?rest_route=\/wp\/v2\/types\/post"}],"author":[{"embeddable":true,"href":"https:\/\/sincomavi.org.br\/index.php?rest_route=\/wp\/v2\/users\/1"}],"replies":[{"embeddable":true,"href":"https:\/\/sincomavi.org.br\/index.php?rest_route=%2Fwp%2Fv2%2Fcomments&post=10362"}],"version-history":[{"count":2,"href":"https:\/\/sincomavi.org.br\/index.php?rest_route=\/wp\/v2\/posts\/10362\/revisions"}],"predecessor-version":[{"id":10367,"href":"https:\/\/sincomavi.org.br\/index.php?rest_route=\/wp\/v2\/posts\/10362\/revisions\/10367"}],"wp:featuredmedia":[{"embeddable":true,"href":"https:\/\/sincomavi.org.br\/index.php?rest_route=\/wp\/v2\/media\/10365"}],"wp:attachment":[{"href":"https:\/\/sincomavi.org.br\/index.php?rest_route=%2Fwp%2Fv2%2Fmedia&parent=10362"}],"wp:term":[{"taxonomy":"category","embeddable":true,"href":"https:\/\/sincomavi.org.br\/index.php?rest_route=%2Fwp%2Fv2%2Fcategories&post=10362"},{"taxonomy":"post_tag","embeddable":true,"href":"https:\/\/sincomavi.org.br\/index.php?rest_route=%2Fwp%2Fv2%2Ftags&post=10362"}],"curies":[{"name":"wp","href":"https:\/\/api.w.org\/{rel}","templated":true}]}}