{"id":10351,"date":"2023-08-07T13:44:39","date_gmt":"2023-08-07T16:44:39","guid":{"rendered":"https:\/\/sincomavi.org.br\/?p=10351"},"modified":"2023-08-07T13:44:40","modified_gmt":"2023-08-07T16:44:40","slug":"movimento-do-comercio-tem-pequena-variacao-positiva-em-junho","status":"publish","type":"post","link":"https:\/\/sincomavi.org.br\/?p=10351","title":{"rendered":"Movimento do Com\u00e9rcio tem pequena varia\u00e7\u00e3o positiva em junho"},"content":{"rendered":"<style>.wp-block-kadence-spacer.kt-block-spacer-_fcc613-5e .kt-block-spacer{height:60px;}.wp-block-kadence-spacer.kt-block-spacer-_fcc613-5e .kt-divider{border-top-width:1px;height:1px;border-top-color:#eee;width:80%;border-top-style:solid;}<\/style>\n<div class=\"wp-block-kadence-spacer aligncenter kt-block-spacer-_fcc613-5e\"><div class=\"kt-block-spacer kt-block-spacer-halign-center\"><hr class=\"kt-divider\"\/><\/div><\/div>\n\n\n\n<p>Indicador da Boa Vista contou com alta de 0,2% em junho, tendo como refer\u00eancia os resultados do m\u00eas anterior. No entanto, o desempenho do segundo trimestre ficou abaixo do imediatamente anterior: queda de -0,2%.<\/p>\n\n\n\n<p>Em rela\u00e7\u00e3o aos pr\u00f3ximos meses, o economista Fl\u00e1vio Calife comenta que o per\u00edodo tradicionalmente costuma ser mais fraco de vendas em compara\u00e7\u00e3o aos outros trimestres do ano, mas dessa vez o resultado pode ser um pouco diferente porque a renda real ainda est\u00e1 em alta acelerada e \u00e9 poss\u00edvel que os consumidores tenham mais acesso ao cr\u00e9dito por conta do \u2018Desenrola\u2019. \u201cAl\u00e9m disso, \u00e9 importante lembrar que o terceiro trimestre do ano passado \u00e9 uma base fraca de compara\u00e7\u00e3o, na \u00e9poca o indicador havia registrado queda de pouco mais de 1% em compara\u00e7\u00e3o ao mesmo per\u00edodo de 2021, assim, o resultado acumulado do ano tende a melhorar\u201d, finaliza.<\/p>\n\n\n\n<div class=\"wp-block-image\"><figure class=\"aligncenter size-full\"><img loading=\"lazy\" decoding=\"async\" width=\"500\" height=\"294\" src=\"https:\/\/sincomavi.org.br\/wp-content\/uploads\/2023\/08\/image.png\" alt=\"\" class=\"wp-image-10352\" srcset=\"https:\/\/sincomavi.org.br\/wp-content\/uploads\/2023\/08\/image.png 500w, https:\/\/sincomavi.org.br\/wp-content\/uploads\/2023\/08\/image-300x176.png 300w\" sizes=\"auto, (max-width: 500px) 100vw, 500px\" \/><\/figure><\/div>\n\n\n\n<div class=\"wp-block-image\"><figure class=\"aligncenter size-full\"><img loading=\"lazy\" decoding=\"async\" width=\"500\" height=\"129\" src=\"https:\/\/sincomavi.org.br\/wp-content\/uploads\/2023\/08\/image-1.png\" alt=\"\" class=\"wp-image-10353\" srcset=\"https:\/\/sincomavi.org.br\/wp-content\/uploads\/2023\/08\/image-1.png 500w, https:\/\/sincomavi.org.br\/wp-content\/uploads\/2023\/08\/image-1-300x77.png 300w\" sizes=\"auto, (max-width: 500px) 100vw, 500px\" \/><\/figure><\/div>\n\n\n<style>.wp-block-kadence-spacer.kt-block-spacer-_3dd19a-3e .kt-block-spacer{height:60px;}.wp-block-kadence-spacer.kt-block-spacer-_3dd19a-3e .kt-divider{border-top-width:1px;height:1px;border-top-color:#eee;width:80%;border-top-style:solid;}<\/style>\n<div class=\"wp-block-kadence-spacer aligncenter kt-block-spacer-_3dd19a-3e\"><div class=\"kt-block-spacer kt-block-spacer-halign-center\"><hr class=\"kt-divider\"\/><\/div><\/div>\n","protected":false},"excerpt":{"rendered":"<p>Indicador da Boa Vista contou com alta de 0,2% em junho, tendo como refer\u00eancia os resultados do m\u00eas anterior. No entanto, o desempenho do segundo trimestre ficou abaixo do imediatamente anterior: queda de -0,2%. Em rela\u00e7\u00e3o aos pr\u00f3ximos meses, o economista Fl\u00e1vio Calife comenta que o per\u00edodo tradicionalmente costuma ser mais fraco de vendas em [&hellip;]<\/p>\n","protected":false},"author":1,"featured_media":10354,"comment_status":"closed","ping_status":"open","sticky":false,"template":"","format":"standard","meta":{"tdm_status":"","tdm_grid_status":"","footnotes":""},"categories":[153],"tags":[199,156,620,1069,160,654,200,75],"class_list":["post-10351","post","type-post","status-publish","format-standard","has-post-thumbnail","hentry","category-noticias","tag-comercio","tag-economia","tag-levantamento","tag-movimento-do-comercio","tag-pesquisa","tag-sondagem","tag-varejo","tag-vendas"],"amp_enabled":true,"_links":{"self":[{"href":"https:\/\/sincomavi.org.br\/index.php?rest_route=\/wp\/v2\/posts\/10351","targetHints":{"allow":["GET"]}}],"collection":[{"href":"https:\/\/sincomavi.org.br\/index.php?rest_route=\/wp\/v2\/posts"}],"about":[{"href":"https:\/\/sincomavi.org.br\/index.php?rest_route=\/wp\/v2\/types\/post"}],"author":[{"embeddable":true,"href":"https:\/\/sincomavi.org.br\/index.php?rest_route=\/wp\/v2\/users\/1"}],"replies":[{"embeddable":true,"href":"https:\/\/sincomavi.org.br\/index.php?rest_route=%2Fwp%2Fv2%2Fcomments&post=10351"}],"version-history":[{"count":1,"href":"https:\/\/sincomavi.org.br\/index.php?rest_route=\/wp\/v2\/posts\/10351\/revisions"}],"predecessor-version":[{"id":10355,"href":"https:\/\/sincomavi.org.br\/index.php?rest_route=\/wp\/v2\/posts\/10351\/revisions\/10355"}],"wp:featuredmedia":[{"embeddable":true,"href":"https:\/\/sincomavi.org.br\/index.php?rest_route=\/wp\/v2\/media\/10354"}],"wp:attachment":[{"href":"https:\/\/sincomavi.org.br\/index.php?rest_route=%2Fwp%2Fv2%2Fmedia&parent=10351"}],"wp:term":[{"taxonomy":"category","embeddable":true,"href":"https:\/\/sincomavi.org.br\/index.php?rest_route=%2Fwp%2Fv2%2Fcategories&post=10351"},{"taxonomy":"post_tag","embeddable":true,"href":"https:\/\/sincomavi.org.br\/index.php?rest_route=%2Fwp%2Fv2%2Ftags&post=10351"}],"curies":[{"name":"wp","href":"https:\/\/api.w.org\/{rel}","templated":true}]}}