{"id":10328,"date":"2023-07-31T08:54:24","date_gmt":"2023-07-31T11:54:24","guid":{"rendered":"https:\/\/sincomavi.org.br\/?p=10328"},"modified":"2023-07-31T08:54:25","modified_gmt":"2023-07-31T11:54:25","slug":"confianca-do-comercio-recua-26-pontos-em-julho","status":"publish","type":"post","link":"https:\/\/sincomavi.org.br\/?p=10328","title":{"rendered":"Confian\u00e7a do Com\u00e9rcio recua 2,6 pontos em julho"},"content":{"rendered":"<style>.wp-block-kadence-spacer.kt-block-spacer-_810913-cb .kt-block-spacer{height:60px;}.wp-block-kadence-spacer.kt-block-spacer-_810913-cb .kt-divider{border-top-width:1px;height:1px;border-top-color:#eee;width:80%;border-top-style:solid;}<\/style>\n<div class=\"wp-block-kadence-spacer aligncenter kt-block-spacer-_810913-cb\"><div class=\"kt-block-spacer kt-block-spacer-halign-center\"><hr class=\"kt-divider\"\/><\/div><\/div>\n\n\n\n<p>Ap\u00f3s um curto per\u00edodo de alta, o \u00cdndice de Confian\u00e7a do Com\u00e9rcio (ICOM), do Instituto Brasileiro de Economia (FGV IBRE), voltou a cair em julho, 2,6 pontos, e alcan\u00e7ou os 91,6 pontos. Apesar do resultado negativo, em m\u00e9dias m\u00f3veis trimestrais, o indicador conseguiu avan\u00e7ar 2,7 pontos, o que representou o quarto resultado positivo consecutivo.<br>&nbsp;<\/p>\n\n\n\n<p>O economista Rodolpho Tobler comenta que as expectativas voltaram a ceder, mostrando desconfian\u00e7a do setor com a continuidade de cen\u00e1rio mais favor\u00e1vel. \u201cA consolida\u00e7\u00e3o da melhora do ambiente macroecon\u00f4mico \u00e9 pe\u00e7a fundamental para retomada da confian\u00e7a do com\u00e9rcio\u201d, avalia.<\/p>\n\n\n<style>.wp-block-kadence-spacer.kt-block-spacer-_f5c0af-4c .kt-block-spacer{height:60px;}.wp-block-kadence-spacer.kt-block-spacer-_f5c0af-4c .kt-divider{border-top-width:1px;height:1px;border-top-color:#eee;width:80%;border-top-style:solid;}<\/style>\n<div class=\"wp-block-kadence-spacer aligncenter kt-block-spacer-_f5c0af-4c\"><div class=\"kt-block-spacer kt-block-spacer-halign-center\"><hr class=\"kt-divider\"\/><\/div><\/div>\n","protected":false},"excerpt":{"rendered":"<p>Ap\u00f3s um curto per\u00edodo de alta, o \u00cdndice de Confian\u00e7a do Com\u00e9rcio (ICOM), do Instituto Brasileiro de Economia (FGV IBRE), voltou a cair em julho, 2,6 pontos, e alcan\u00e7ou os 91,6 pontos. Apesar do resultado negativo, em m\u00e9dias m\u00f3veis trimestrais, o indicador conseguiu avan\u00e7ar 2,7 pontos, o que representou o quarto resultado positivo consecutivo.&nbsp; O [&hellip;]<\/p>\n","protected":false},"author":1,"featured_media":10329,"comment_status":"closed","ping_status":"open","sticky":false,"template":"","format":"standard","meta":{"tdm_status":"","tdm_grid_status":"","footnotes":""},"categories":[153],"tags":[199,204,156,754,924,620,160,654,200],"class_list":["post-10328","post","type-post","status-publish","format-standard","has-post-thumbnail","hentry","category-noticias","tag-comercio","tag-confianca","tag-economia","tag-fgv-ibre","tag-indice-de-confianca-do-comercio","tag-levantamento","tag-pesquisa","tag-sondagem","tag-varejo"],"amp_enabled":true,"_links":{"self":[{"href":"https:\/\/sincomavi.org.br\/index.php?rest_route=\/wp\/v2\/posts\/10328","targetHints":{"allow":["GET"]}}],"collection":[{"href":"https:\/\/sincomavi.org.br\/index.php?rest_route=\/wp\/v2\/posts"}],"about":[{"href":"https:\/\/sincomavi.org.br\/index.php?rest_route=\/wp\/v2\/types\/post"}],"author":[{"embeddable":true,"href":"https:\/\/sincomavi.org.br\/index.php?rest_route=\/wp\/v2\/users\/1"}],"replies":[{"embeddable":true,"href":"https:\/\/sincomavi.org.br\/index.php?rest_route=%2Fwp%2Fv2%2Fcomments&post=10328"}],"version-history":[{"count":1,"href":"https:\/\/sincomavi.org.br\/index.php?rest_route=\/wp\/v2\/posts\/10328\/revisions"}],"predecessor-version":[{"id":10330,"href":"https:\/\/sincomavi.org.br\/index.php?rest_route=\/wp\/v2\/posts\/10328\/revisions\/10330"}],"wp:featuredmedia":[{"embeddable":true,"href":"https:\/\/sincomavi.org.br\/index.php?rest_route=\/wp\/v2\/media\/10329"}],"wp:attachment":[{"href":"https:\/\/sincomavi.org.br\/index.php?rest_route=%2Fwp%2Fv2%2Fmedia&parent=10328"}],"wp:term":[{"taxonomy":"category","embeddable":true,"href":"https:\/\/sincomavi.org.br\/index.php?rest_route=%2Fwp%2Fv2%2Fcategories&post=10328"},{"taxonomy":"post_tag","embeddable":true,"href":"https:\/\/sincomavi.org.br\/index.php?rest_route=%2Fwp%2Fv2%2Ftags&post=10328"}],"curies":[{"name":"wp","href":"https:\/\/api.w.org\/{rel}","templated":true}]}}