{"id":10295,"date":"2023-07-17T09:25:00","date_gmt":"2023-07-17T12:25:00","guid":{"rendered":"https:\/\/sincomavi.org.br\/?p=10295"},"modified":"2023-07-14T15:47:30","modified_gmt":"2023-07-14T18:47:30","slug":"venda-de-material-de-construcao-sobe-2-em-sp","status":"publish","type":"post","link":"https:\/\/sincomavi.org.br\/?p=10295","title":{"rendered":"Venda de material de constru\u00e7\u00e3o sobe 2% em SP"},"content":{"rendered":"<style>.wp-block-kadence-spacer.kt-block-spacer-_22bc75-e5 .kt-block-spacer{height:60px;}.wp-block-kadence-spacer.kt-block-spacer-_22bc75-e5 .kt-divider{border-top-width:1px;height:1px;border-top-color:#eee;width:80%;border-top-style:solid;}<\/style>\n<div class=\"wp-block-kadence-spacer aligncenter kt-block-spacer-_22bc75-e5\"><div class=\"kt-block-spacer kt-block-spacer-halign-center\"><hr class=\"kt-divider\"\/><\/div><\/div>\n\n\n\n<p>Ap\u00f3s tr\u00eas quedas mensais consecutivas, o volume de vendas do com\u00e9rcio de material de constru\u00e7\u00e3o do Estado de S\u00e3o Paulo, em maio, voltou a apresentar uma evolu\u00e7\u00e3o em compara\u00e7\u00e3o ao mesmo per\u00edodo do ano passado. Os dados s\u00e3o da Pesquisa Mensal do Com\u00e9rcio do Instituto Brasileiro de Geografia e Estat\u00edstica (PMC-IBGE). A varia\u00e7\u00e3o foi de 2% no mercado paulista, o primeiro crescimento desde janeiro passado (0,1%). J\u00e1 em \u00e2mbito nacional ocorreu um novo recuo de 2% em rela\u00e7\u00e3o a maio de 2022.<\/p>\n\n\n\n<h3 class=\"has-text-align-center wp-block-heading\">Evolu\u00e7\u00e3o mensal do \u00edndice de volume de vendas do com\u00e9rcio de material de constru\u00e7\u00e3o \u2013 M\u00eas contra mesmo m\u00eas do ano anterior<\/h3>\n\n\n\n<div class=\"wp-block-image\"><figure class=\"aligncenter size-full\"><img loading=\"lazy\" decoding=\"async\" width=\"1014\" height=\"553\" src=\"https:\/\/sincomavi.org.br\/wp-content\/uploads\/2023\/07\/image-17.png\" alt=\"\" class=\"wp-image-10296\" srcset=\"https:\/\/sincomavi.org.br\/wp-content\/uploads\/2023\/07\/image-17.png 1014w, https:\/\/sincomavi.org.br\/wp-content\/uploads\/2023\/07\/image-17-300x164.png 300w, https:\/\/sincomavi.org.br\/wp-content\/uploads\/2023\/07\/image-17-768x419.png 768w, https:\/\/sincomavi.org.br\/wp-content\/uploads\/2023\/07\/image-17-770x420.png 770w, https:\/\/sincomavi.org.br\/wp-content\/uploads\/2023\/07\/image-17-640x350.png 640w, https:\/\/sincomavi.org.br\/wp-content\/uploads\/2023\/07\/image-17-681x371.png 681w\" sizes=\"auto, (max-width: 1014px) 100vw, 1014px\" \/><figcaption>Fonte; PMC\/IBGE<\/figcaption><\/figure><\/div>\n\n\n\n<p>Com o crescimento mensal obtido em maio, a taxa acumulada em 12 meses sofreu um al\u00edvio e atualmente apresenta queda de -6,1%, o que representa um n\u00edvel melhor do que os 7,1% registrados nos dois meses anteriores. \u00c9 tamb\u00e9m a taxa menos acentuada desde maio de 2022, per\u00edodo no qual sofreu queda de 5,5%.<\/p>\n\n\n\n<h3 class=\"has-text-align-center wp-block-heading\">Evolu\u00e7\u00e3o mensal do \u00edndice de volume de vendas do com\u00e9rcio de material de constru\u00e7\u00e3o do Estado de S\u00e3o Paulo: Taxa acumulada em doze meses<\/h3>\n\n\n\n<div class=\"wp-block-image\"><figure class=\"aligncenter size-full\"><img loading=\"lazy\" decoding=\"async\" width=\"949\" height=\"537\" src=\"https:\/\/sincomavi.org.br\/wp-content\/uploads\/2023\/07\/image-18.png\" alt=\"\" class=\"wp-image-10297\" srcset=\"https:\/\/sincomavi.org.br\/wp-content\/uploads\/2023\/07\/image-18.png 949w, https:\/\/sincomavi.org.br\/wp-content\/uploads\/2023\/07\/image-18-300x170.png 300w, https:\/\/sincomavi.org.br\/wp-content\/uploads\/2023\/07\/image-18-768x435.png 768w, https:\/\/sincomavi.org.br\/wp-content\/uploads\/2023\/07\/image-18-742x420.png 742w, https:\/\/sincomavi.org.br\/wp-content\/uploads\/2023\/07\/image-18-640x362.png 640w, https:\/\/sincomavi.org.br\/wp-content\/uploads\/2023\/07\/image-18-681x385.png 681w\" sizes=\"auto, (max-width: 949px) 100vw, 949px\" \/><figcaption>Fonte: PMC\/IBGE<\/figcaption><\/figure><\/div>\n\n\n\n<p>\u201c\u00c9 importante ressaltar que os n\u00fameros de maio s\u00e3o mais pr\u00f3ximos daquilo que se projetava para 2023, isto \u00e9, pequenas oscila\u00e7\u00f5es, ora positivas, ora negativas\u201d, comenta o economista Jaime Vasconcellos. Portanto, em sua opini\u00e3o, foi retomada certa normalidade, ap\u00f3s quedas mais expressivas registradas nos meses anteriores. \u201cApesar disso, n\u00e3o h\u00e1 motivos para uma grande comemora\u00e7\u00e3o, dado que ainda temos um ano ainda no negativo e que os \u2018pequenos solu\u00e7os\u2019 positivos se d\u00e3o mais pela base fraca de compara\u00e7\u00e3o com o ano passado do que devido a uma retomada mais forte ou consistente\u201d. Para Jaime, os resultados de maio s\u00e3o motivo de esperan\u00e7a para meses mais positivos, ainda que a conjuntura seja mais de estabiliza\u00e7\u00e3o do que de crescimento.<\/p>\n\n\n\n<p class=\"has-regular-font-size\">OBS: O Volume de Vendas observado pela PMC resulta da defla\u00e7\u00e3o dos valores nominais correntes da receita bruta de revenda por \u00edndices de pre\u00e7os espec\u00edficos para cada grupo de atividade, e para cada Unidade da Federa\u00e7\u00e3o, constru\u00eddos a partir dos relativos de pre\u00e7os do IPCA e do Sistema Nacional de Pesquisa de Custos e \u00cdndices da Constru\u00e7\u00e3o Civil \u2013 SINAPI. A pesquisa tamb\u00e9m avalia apenas empresas com 20 ocupados ou mais.<\/p>\n\n\n<style>.wp-block-kadence-spacer.kt-block-spacer-_c54f9a-67 .kt-block-spacer{height:60px;}.wp-block-kadence-spacer.kt-block-spacer-_c54f9a-67 .kt-divider{border-top-width:1px;height:1px;border-top-color:#eee;width:80%;border-top-style:solid;}<\/style>\n<div class=\"wp-block-kadence-spacer aligncenter kt-block-spacer-_c54f9a-67\"><div class=\"kt-block-spacer kt-block-spacer-halign-center\"><hr class=\"kt-divider\"\/><\/div><\/div>\n","protected":false},"excerpt":{"rendered":"<p>Ap\u00f3s tr\u00eas quedas mensais consecutivas, o volume de vendas do com\u00e9rcio de material de constru\u00e7\u00e3o do Estado de S\u00e3o Paulo, em maio, voltou a apresentar uma evolu\u00e7\u00e3o em compara\u00e7\u00e3o ao mesmo per\u00edodo do ano passado. Os dados s\u00e3o da Pesquisa Mensal do Com\u00e9rcio do Instituto Brasileiro de Geografia e Estat\u00edstica (PMC-IBGE). A varia\u00e7\u00e3o foi de [&hellip;]<\/p>\n","protected":false},"author":1,"featured_media":10298,"comment_status":"closed","ping_status":"open","sticky":false,"template":"","format":"standard","meta":{"tdm_status":"","tdm_grid_status":"","footnotes":""},"categories":[153],"tags":[199,156,161,158,665,162,200,622],"class_list":["post-10295","post","type-post","status-publish","format-standard","has-post-thumbnail","hentry","category-noticias","tag-comercio","tag-economia","tag-ibge","tag-material-de-construcao","tag-pesquisa-mensal-do-comercio","tag-pmc","tag-varejo","tag-venda"],"amp_enabled":true,"_links":{"self":[{"href":"https:\/\/sincomavi.org.br\/index.php?rest_route=\/wp\/v2\/posts\/10295","targetHints":{"allow":["GET"]}}],"collection":[{"href":"https:\/\/sincomavi.org.br\/index.php?rest_route=\/wp\/v2\/posts"}],"about":[{"href":"https:\/\/sincomavi.org.br\/index.php?rest_route=\/wp\/v2\/types\/post"}],"author":[{"embeddable":true,"href":"https:\/\/sincomavi.org.br\/index.php?rest_route=\/wp\/v2\/users\/1"}],"replies":[{"embeddable":true,"href":"https:\/\/sincomavi.org.br\/index.php?rest_route=%2Fwp%2Fv2%2Fcomments&post=10295"}],"version-history":[{"count":1,"href":"https:\/\/sincomavi.org.br\/index.php?rest_route=\/wp\/v2\/posts\/10295\/revisions"}],"predecessor-version":[{"id":10299,"href":"https:\/\/sincomavi.org.br\/index.php?rest_route=\/wp\/v2\/posts\/10295\/revisions\/10299"}],"wp:featuredmedia":[{"embeddable":true,"href":"https:\/\/sincomavi.org.br\/index.php?rest_route=\/wp\/v2\/media\/10298"}],"wp:attachment":[{"href":"https:\/\/sincomavi.org.br\/index.php?rest_route=%2Fwp%2Fv2%2Fmedia&parent=10295"}],"wp:term":[{"taxonomy":"category","embeddable":true,"href":"https:\/\/sincomavi.org.br\/index.php?rest_route=%2Fwp%2Fv2%2Fcategories&post=10295"},{"taxonomy":"post_tag","embeddable":true,"href":"https:\/\/sincomavi.org.br\/index.php?rest_route=%2Fwp%2Fv2%2Ftags&post=10295"}],"curies":[{"name":"wp","href":"https:\/\/api.w.org\/{rel}","templated":true}]}}