{"id":1027,"date":"2019-08-22T13:37:14","date_gmt":"2019-08-22T16:37:14","guid":{"rendered":"http:\/\/sincomavi.org.br\/?p=1027"},"modified":"2024-10-09T17:18:05","modified_gmt":"2024-10-09T20:18:05","slug":"linha-do-tempo","status":"publish","type":"post","link":"https:\/\/sincomavi.org.br\/?p=1027","title":{"rendered":"Linha do tempo"},"content":{"rendered":"\n<p>Conhe\u00e7a as principais passagens da hist\u00f3ria do Sincomavi.<\/p>\n\n\n\n<h3 class=\"wp-block-heading\">1934<\/h3>\n\n\n\n<figure class=\"wp-block-image\"><img loading=\"lazy\" decoding=\"async\" width=\"768\" height=\"1024\" src=\"http:\/\/sincomavi.org.br\/wp-content\/uploads\/2019\/08\/1-768x1024.png\" alt=\"\" class=\"wp-image-1028\" srcset=\"https:\/\/sincomavi.org.br\/wp-content\/uploads\/2019\/08\/1-768x1024.png 768w, https:\/\/sincomavi.org.br\/wp-content\/uploads\/2019\/08\/1-225x300.png 225w, https:\/\/sincomavi.org.br\/wp-content\/uploads\/2019\/08\/1-315x420.png 315w, https:\/\/sincomavi.org.br\/wp-content\/uploads\/2019\/08\/1-640x853.png 640w, https:\/\/sincomavi.org.br\/wp-content\/uploads\/2019\/08\/1-681x908.png 681w, https:\/\/sincomavi.org.br\/wp-content\/uploads\/2019\/08\/1.png 1200w\" sizes=\"auto, (max-width: 768px) 100vw, 768px\" \/><\/figure>\n\n\n\n<ul class=\"wp-block-list\">\n<li>Fundado em 18 de outubro de 1934 o Syndicato Patronal dos Commerciantes a Varejo de Ferragens<\/li>\n\n\n\n<li>1\u00ba presidente: Gustavo Cecchetto<\/li>\n\n\n\n<li>A entidade funciona na mesma sede da Liga do Com\u00e9rcio<\/li>\n<\/ul>\n\n\n\n<h3 class=\"wp-block-heading\">1938<\/h3>\n\n\n\n<figure class=\"wp-block-image\"><img loading=\"lazy\" decoding=\"async\" width=\"751\" height=\"1024\" src=\"http:\/\/sincomavi.org.br\/wp-content\/uploads\/2019\/08\/2-1-751x1024.jpg\" alt=\"\" class=\"wp-image-1029\" srcset=\"https:\/\/sincomavi.org.br\/wp-content\/uploads\/2019\/08\/2-1-751x1024.jpg 751w, https:\/\/sincomavi.org.br\/wp-content\/uploads\/2019\/08\/2-1-220x300.jpg 220w, https:\/\/sincomavi.org.br\/wp-content\/uploads\/2019\/08\/2-1-768x1048.jpg 768w, https:\/\/sincomavi.org.br\/wp-content\/uploads\/2019\/08\/2-1-308x420.jpg 308w, https:\/\/sincomavi.org.br\/wp-content\/uploads\/2019\/08\/2-1-640x873.jpg 640w, https:\/\/sincomavi.org.br\/wp-content\/uploads\/2019\/08\/2-1-681x929.jpg 681w, https:\/\/sincomavi.org.br\/wp-content\/uploads\/2019\/08\/2-1.jpg 1200w\" sizes=\"auto, (max-width: 751px) 100vw, 751px\" \/><\/figure>\n\n\n\n<p>O sindicato participa da Assembleia de funda\u00e7\u00e3o da Federa\u00e7\u00e3o Commercial do Estado de S\u00e3o Paulo.<\/p>\n\n\n\n<h3 class=\"wp-block-heading\">1939<\/h3>\n\n\n\n<figure class=\"wp-block-image\"><img loading=\"lazy\" decoding=\"async\" width=\"858\" height=\"1024\" src=\"http:\/\/sincomavi.org.br\/wp-content\/uploads\/2019\/08\/3-858x1024.png\" alt=\"\" class=\"wp-image-1031\" srcset=\"https:\/\/sincomavi.org.br\/wp-content\/uploads\/2019\/08\/3-858x1024.png 858w, https:\/\/sincomavi.org.br\/wp-content\/uploads\/2019\/08\/3-251x300.png 251w, https:\/\/sincomavi.org.br\/wp-content\/uploads\/2019\/08\/3-768x916.png 768w, https:\/\/sincomavi.org.br\/wp-content\/uploads\/2019\/08\/3-352x420.png 352w, https:\/\/sincomavi.org.br\/wp-content\/uploads\/2019\/08\/3-640x764.png 640w, https:\/\/sincomavi.org.br\/wp-content\/uploads\/2019\/08\/3-681x813.png 681w, https:\/\/sincomavi.org.br\/wp-content\/uploads\/2019\/08\/3.png 1200w\" sizes=\"auto, (max-width: 858px) 100vw, 858px\" \/><\/figure>\n\n\n\n<ul class=\"wp-block-list\">\n<li>In\u00edcio da Segunda Guerra Mundial<\/li>\n\n\n\n<li>Entra em vigor o Decreto-Lei 1402, que regula a associa\u00e7\u00e3o em Sindicato (Governo Get\u00falio Vargas).<\/li>\n<\/ul>\n\n\n\n<h3 class=\"wp-block-heading\">1941<\/h3>\n\n\n\n<figure class=\"wp-block-image\"><img loading=\"lazy\" decoding=\"async\" width=\"1200\" height=\"1600\" src=\"http:\/\/sincomavi.org.br\/wp-content\/uploads\/2019\/08\/4-768x1024.png\" alt=\"\" class=\"wp-image-1032\" srcset=\"https:\/\/sincomavi.org.br\/wp-content\/uploads\/2019\/08\/4-768x1024.png 768w, https:\/\/sincomavi.org.br\/wp-content\/uploads\/2019\/08\/4-225x300.png 225w, https:\/\/sincomavi.org.br\/wp-content\/uploads\/2019\/08\/4-315x420.png 315w, https:\/\/sincomavi.org.br\/wp-content\/uploads\/2019\/08\/4-640x853.png 640w, https:\/\/sincomavi.org.br\/wp-content\/uploads\/2019\/08\/4-681x908.png 681w, https:\/\/sincomavi.org.br\/wp-content\/uploads\/2019\/08\/4.png 1200w\" sizes=\"auto, (max-width: 1200px) 100vw, 1200px\" \/><\/figure>\n\n\n\n<p>A entidade passa a representar as categorias econ\u00f4micas do Com\u00e9rcio Varejista de Maquinismos, Ferragens e Tintas de S\u00e3o Paulo.<\/p>\n\n\n\n<h3 class=\"wp-block-heading\">1944<\/h3>\n\n\n\n<figure class=\"wp-block-image\"><img loading=\"lazy\" decoding=\"async\" width=\"768\" height=\"1024\" src=\"http:\/\/sincomavi.org.br\/wp-content\/uploads\/2019\/08\/5-768x1024.png\" alt=\"\" class=\"wp-image-1033\" srcset=\"https:\/\/sincomavi.org.br\/wp-content\/uploads\/2019\/08\/5-768x1024.png 768w, https:\/\/sincomavi.org.br\/wp-content\/uploads\/2019\/08\/5-225x300.png 225w, https:\/\/sincomavi.org.br\/wp-content\/uploads\/2019\/08\/5-315x420.png 315w, https:\/\/sincomavi.org.br\/wp-content\/uploads\/2019\/08\/5-640x853.png 640w, https:\/\/sincomavi.org.br\/wp-content\/uploads\/2019\/08\/5-681x908.png 681w, https:\/\/sincomavi.org.br\/wp-content\/uploads\/2019\/08\/5.png 1200w\" sizes=\"auto, (max-width: 768px) 100vw, 768px\" \/><\/figure>\n\n\n\n<p>O Sincomavi, em conjunto com a Federa\u00e7\u00e3o, prop\u00f5e mudan\u00e7as no hor\u00e1rio de abertura e fechamento do com\u00e9rcio varejista.<\/p>\n\n\n\n<h3 class=\"wp-block-heading\">1952<\/h3>\n\n\n\n<figure class=\"wp-block-image\"><img loading=\"lazy\" decoding=\"async\" width=\"768\" height=\"1024\" src=\"http:\/\/sincomavi.org.br\/wp-content\/uploads\/2019\/08\/6-768x1024.png\" alt=\"\" class=\"wp-image-1034\" srcset=\"https:\/\/sincomavi.org.br\/wp-content\/uploads\/2019\/08\/6-768x1024.png 768w, https:\/\/sincomavi.org.br\/wp-content\/uploads\/2019\/08\/6-225x300.png 225w, https:\/\/sincomavi.org.br\/wp-content\/uploads\/2019\/08\/6-315x420.png 315w, https:\/\/sincomavi.org.br\/wp-content\/uploads\/2019\/08\/6-640x853.png 640w, https:\/\/sincomavi.org.br\/wp-content\/uploads\/2019\/08\/6-681x908.png 681w, https:\/\/sincomavi.org.br\/wp-content\/uploads\/2019\/08\/6.png 1200w\" sizes=\"auto, (max-width: 768px) 100vw, 768px\" \/><\/figure>\n\n\n\n<p>O Vereador Andr\u00e9 Franco Montoro apoia o funcionamento noturno dos com\u00e9rcios representados pela entidade.<\/p>\n\n\n\n<h3 class=\"wp-block-heading\">1953<\/h3>\n\n\n\n<figure class=\"wp-block-image\"><img loading=\"lazy\" decoding=\"async\" width=\"768\" height=\"1024\" src=\"https:\/\/sincomavi.net\/wp-content\/uploads\/2019\/08\/7-768x1024.png\" alt=\"\" class=\"wp-image-1058\" srcset=\"https:\/\/sincomavi.org.br\/wp-content\/uploads\/2019\/08\/7-768x1024.png 768w, https:\/\/sincomavi.org.br\/wp-content\/uploads\/2019\/08\/7-225x300.png 225w, https:\/\/sincomavi.org.br\/wp-content\/uploads\/2019\/08\/7-315x420.png 315w, https:\/\/sincomavi.org.br\/wp-content\/uploads\/2019\/08\/7-640x853.png 640w, https:\/\/sincomavi.org.br\/wp-content\/uploads\/2019\/08\/7-681x908.png 681w, https:\/\/sincomavi.org.br\/wp-content\/uploads\/2019\/08\/7.png 1200w\" sizes=\"auto, (max-width: 768px) 100vw, 768px\" \/><\/figure>\n\n\n\n<p>Aprovada a compra da 1\u00aa sede pr\u00f3pria da entidade, uma sala comercial de 23,25m\u00b2, por CR$ 100.000,00 (cem mil cruzeiros), na Rua Capit\u00e3o Mor Jeronimo Leit\u00e3o, 108, 2\u00ba andar, Centro, SP.<\/p>\n\n\n\n<h3 class=\"wp-block-heading\">1954<\/h3>\n\n\n\n<figure class=\"wp-block-image\"><img loading=\"lazy\" decoding=\"async\" width=\"768\" height=\"1024\" src=\"https:\/\/sincomavi.net\/wp-content\/uploads\/2019\/08\/8-768x1024.png\" alt=\"\" class=\"wp-image-1059\" srcset=\"https:\/\/sincomavi.org.br\/wp-content\/uploads\/2019\/08\/8-768x1024.png 768w, https:\/\/sincomavi.org.br\/wp-content\/uploads\/2019\/08\/8-225x300.png 225w, https:\/\/sincomavi.org.br\/wp-content\/uploads\/2019\/08\/8-315x420.png 315w, https:\/\/sincomavi.org.br\/wp-content\/uploads\/2019\/08\/8-640x853.png 640w, https:\/\/sincomavi.org.br\/wp-content\/uploads\/2019\/08\/8-681x908.png 681w, https:\/\/sincomavi.org.br\/wp-content\/uploads\/2019\/08\/8.png 1200w\" sizes=\"auto, (max-width: 768px) 100vw, 768px\" \/><\/figure>\n\n\n\n<p>Toma posse como presidente o empres\u00e1rio Antonio Garritano.<\/p>\n\n\n\n<h3 class=\"wp-block-heading\">1955<\/h3>\n\n\n\n<figure class=\"wp-block-image\"><img loading=\"lazy\" decoding=\"async\" width=\"768\" height=\"1024\" src=\"https:\/\/sincomavi.net\/wp-content\/uploads\/2019\/08\/9-768x1024.png\" alt=\"\" class=\"wp-image-1060\" srcset=\"https:\/\/sincomavi.org.br\/wp-content\/uploads\/2019\/08\/9-768x1024.png 768w, https:\/\/sincomavi.org.br\/wp-content\/uploads\/2019\/08\/9-225x300.png 225w, https:\/\/sincomavi.org.br\/wp-content\/uploads\/2019\/08\/9-315x420.png 315w, https:\/\/sincomavi.org.br\/wp-content\/uploads\/2019\/08\/9-640x853.png 640w, https:\/\/sincomavi.org.br\/wp-content\/uploads\/2019\/08\/9-681x908.png 681w, https:\/\/sincomavi.org.br\/wp-content\/uploads\/2019\/08\/9.png 1200w\" sizes=\"auto, (max-width: 768px) 100vw, 768px\" \/><\/figure>\n\n\n\n<p>A entidade exige maior policiamento e provid\u00eancias contra o com\u00e9rcio irregular de ambulantes \u201ccamel\u00f4s\u201d e o aumento de roubos e assaltos em toda a cidade, junto do Comandante Geral da For\u00e7a P\u00fablica do Estado.<\/p>\n\n\n\n<h3 class=\"wp-block-heading\">1960<\/h3>\n\n\n\n<figure class=\"wp-block-image\"><img loading=\"lazy\" decoding=\"async\" width=\"768\" height=\"1024\" src=\"https:\/\/sincomavi.net\/wp-content\/uploads\/2019\/08\/10-768x1024.png\" alt=\"\" class=\"wp-image-1061\" srcset=\"https:\/\/sincomavi.org.br\/wp-content\/uploads\/2019\/08\/10-768x1024.png 768w, https:\/\/sincomavi.org.br\/wp-content\/uploads\/2019\/08\/10-225x300.png 225w, https:\/\/sincomavi.org.br\/wp-content\/uploads\/2019\/08\/10-315x420.png 315w, https:\/\/sincomavi.org.br\/wp-content\/uploads\/2019\/08\/10-640x853.png 640w, https:\/\/sincomavi.org.br\/wp-content\/uploads\/2019\/08\/10-681x908.png 681w, https:\/\/sincomavi.org.br\/wp-content\/uploads\/2019\/08\/10.png 1200w\" sizes=\"auto, (max-width: 768px) 100vw, 768px\" \/><\/figure>\n\n\n\n<ul class=\"wp-block-list\">\n<li>Toma posse Airton Saraiva, ap\u00f3s ren\u00fancia do Sr. Antonio Garritano<\/li>\n\n\n\n<li>Novas elei\u00e7\u00f5es: assume a presid\u00eancia Antonio Ferreira Gon\u00e7alves<\/li>\n\n\n\n<li>O sindicato passa a publicar a revista \u201cFerragens e Ferramentas\u201d em parceria com o Sr. Francis L. Morell<\/li>\n<\/ul>\n\n\n\n<h3 class=\"wp-block-heading\">1961<\/h3>\n\n\n\n<figure class=\"wp-block-image\"><img loading=\"lazy\" decoding=\"async\" width=\"642\" height=\"533\" src=\"http:\/\/sincomavi.org.br\/wp-content\/uploads\/2019\/08\/664-ASPIRE.jpg\" alt=\"\" class=\"wp-image-1066\" srcset=\"https:\/\/sincomavi.org.br\/wp-content\/uploads\/2019\/08\/664-ASPIRE.jpg 642w, https:\/\/sincomavi.org.br\/wp-content\/uploads\/2019\/08\/664-ASPIRE-300x249.jpg 300w, https:\/\/sincomavi.org.br\/wp-content\/uploads\/2019\/08\/664-ASPIRE-506x420.jpg 506w, https:\/\/sincomavi.org.br\/wp-content\/uploads\/2019\/08\/664-ASPIRE-640x531.jpg 640w\" sizes=\"auto, (max-width: 642px) 100vw, 642px\" \/><\/figure>\n\n\n\n<p>A entidade passa a representar oficialmente o setor de Lou\u00e7as e Vidros.<\/p>\n\n\n\n<h3 class=\"wp-block-heading\">1966<\/h3>\n\n\n\n<figure class=\"wp-block-image\"><img loading=\"lazy\" decoding=\"async\" width=\"768\" height=\"1024\" src=\"https:\/\/sincomavi.net\/wp-content\/uploads\/2019\/08\/12-768x1024.png\" alt=\"\" class=\"wp-image-1068\" srcset=\"https:\/\/sincomavi.org.br\/wp-content\/uploads\/2019\/08\/12-768x1024.png 768w, https:\/\/sincomavi.org.br\/wp-content\/uploads\/2019\/08\/12-225x300.png 225w, https:\/\/sincomavi.org.br\/wp-content\/uploads\/2019\/08\/12-315x420.png 315w, https:\/\/sincomavi.org.br\/wp-content\/uploads\/2019\/08\/12-640x853.png 640w, https:\/\/sincomavi.org.br\/wp-content\/uploads\/2019\/08\/12-681x908.png 681w, https:\/\/sincomavi.org.br\/wp-content\/uploads\/2019\/08\/12.png 1200w\" sizes=\"auto, (max-width: 768px) 100vw, 768px\" \/><\/figure>\n\n\n\n<p>Gustavo Cecchetto reassume a presid\u00eancia da entidade.<\/p>\n\n\n\n<h3 class=\"wp-block-heading\">1971<\/h3>\n\n\n\n<figure class=\"wp-block-image\"><img loading=\"lazy\" decoding=\"async\" width=\"768\" height=\"1024\" src=\"https:\/\/sincomavi.net\/wp-content\/uploads\/2019\/08\/13-768x1024.png\" alt=\"\" class=\"wp-image-1069\" srcset=\"https:\/\/sincomavi.org.br\/wp-content\/uploads\/2019\/08\/13-768x1024.png 768w, https:\/\/sincomavi.org.br\/wp-content\/uploads\/2019\/08\/13-225x300.png 225w, https:\/\/sincomavi.org.br\/wp-content\/uploads\/2019\/08\/13-315x420.png 315w, https:\/\/sincomavi.org.br\/wp-content\/uploads\/2019\/08\/13-640x853.png 640w, https:\/\/sincomavi.org.br\/wp-content\/uploads\/2019\/08\/13-681x908.png 681w, https:\/\/sincomavi.org.br\/wp-content\/uploads\/2019\/08\/13.png 1200w\" sizes=\"auto, (max-width: 768px) 100vw, 768px\" \/><\/figure>\n\n\n\n<p>Oct\u00e1vio Ferreira Gon\u00e7alves toma posse da presid\u00eancia da entidade.<\/p>\n\n\n\n<h3 class=\"wp-block-heading\">1979<\/h3>\n\n\n\n<figure class=\"wp-block-image\"><img loading=\"lazy\" decoding=\"async\" width=\"768\" height=\"1024\" src=\"https:\/\/sincomavi.net\/wp-content\/uploads\/2019\/08\/15-768x1024.png\" alt=\"\" class=\"wp-image-1071\" srcset=\"https:\/\/sincomavi.org.br\/wp-content\/uploads\/2019\/08\/15-768x1024.png 768w, https:\/\/sincomavi.org.br\/wp-content\/uploads\/2019\/08\/15-225x300.png 225w, https:\/\/sincomavi.org.br\/wp-content\/uploads\/2019\/08\/15-315x420.png 315w, https:\/\/sincomavi.org.br\/wp-content\/uploads\/2019\/08\/15-640x853.png 640w, https:\/\/sincomavi.org.br\/wp-content\/uploads\/2019\/08\/15-681x908.png 681w, https:\/\/sincomavi.org.br\/wp-content\/uploads\/2019\/08\/15.png 1200w\" sizes=\"auto, (max-width: 768px) 100vw, 768px\" \/><\/figure>\n\n\n\n<p>Novo presidente: Octaviano Martinelli Filho.<\/p>\n\n\n\n<h3 class=\"wp-block-heading\">1986<\/h3>\n\n\n\n<figure class=\"wp-block-image\"><img loading=\"lazy\" decoding=\"async\" width=\"768\" height=\"1024\" src=\"https:\/\/sincomavi.net\/wp-content\/uploads\/2019\/08\/16-768x1024.png\" alt=\"\" class=\"wp-image-1072\" srcset=\"https:\/\/sincomavi.org.br\/wp-content\/uploads\/2019\/08\/16-768x1024.png 768w, https:\/\/sincomavi.org.br\/wp-content\/uploads\/2019\/08\/16-225x300.png 225w, https:\/\/sincomavi.org.br\/wp-content\/uploads\/2019\/08\/16-315x420.png 315w, https:\/\/sincomavi.org.br\/wp-content\/uploads\/2019\/08\/16-640x853.png 640w, https:\/\/sincomavi.org.br\/wp-content\/uploads\/2019\/08\/16-681x908.png 681w, https:\/\/sincomavi.org.br\/wp-content\/uploads\/2019\/08\/16.png 1200w\" sizes=\"auto, (max-width: 768px) 100vw, 768px\" \/><\/figure>\n\n\n\n<p>L\u00e1zaro Antonio Infante \u00e9 eleito presidente da entidade.<\/p>\n\n\n\n<h3 class=\"wp-block-heading\">1988<\/h3>\n\n\n\n<figure class=\"wp-block-image\"><img loading=\"lazy\" decoding=\"async\" width=\"768\" height=\"1024\" src=\"https:\/\/sincomavi.net\/wp-content\/uploads\/2019\/08\/17-768x1024.png\" alt=\"\" class=\"wp-image-1074\" srcset=\"https:\/\/sincomavi.org.br\/wp-content\/uploads\/2019\/08\/17-768x1024.png 768w, https:\/\/sincomavi.org.br\/wp-content\/uploads\/2019\/08\/17-225x300.png 225w, https:\/\/sincomavi.org.br\/wp-content\/uploads\/2019\/08\/17-315x420.png 315w, https:\/\/sincomavi.org.br\/wp-content\/uploads\/2019\/08\/17-640x853.png 640w, https:\/\/sincomavi.org.br\/wp-content\/uploads\/2019\/08\/17-681x908.png 681w, https:\/\/sincomavi.org.br\/wp-content\/uploads\/2019\/08\/17.png 1200w\" sizes=\"auto, (max-width: 768px) 100vw, 768px\" \/><\/figure>\n\n\n\n<ul class=\"wp-block-list\">\n<li>O sindicato passa a adotar a denomina\u00e7\u00e3o atual, Sincomavi<\/li>\n\n\n\n<li>Compra da sede da Rua S\u00e3o Bento, 59, 5\u00ba andar<\/li>\n\n\n\n<li>In\u00edcio dos servi\u00e7os de Conv\u00eanios e Parcerias, oferecendo planos m\u00e9dicos, odontol\u00f3gicos, laboratoriais e de seguros<\/li>\n<\/ul>\n\n\n\n<h3 class=\"wp-block-heading\">1989<\/h3>\n\n\n\n<figure class=\"wp-block-image\"><img loading=\"lazy\" decoding=\"async\" width=\"768\" height=\"1024\" src=\"https:\/\/sincomavi.net\/wp-content\/uploads\/2019\/08\/18-768x1024.png\" alt=\"\" class=\"wp-image-1076\" srcset=\"https:\/\/sincomavi.org.br\/wp-content\/uploads\/2019\/08\/18-768x1024.png 768w, https:\/\/sincomavi.org.br\/wp-content\/uploads\/2019\/08\/18-225x300.png 225w, https:\/\/sincomavi.org.br\/wp-content\/uploads\/2019\/08\/18-315x420.png 315w, https:\/\/sincomavi.org.br\/wp-content\/uploads\/2019\/08\/18-640x853.png 640w, https:\/\/sincomavi.org.br\/wp-content\/uploads\/2019\/08\/18-681x908.png 681w, https:\/\/sincomavi.org.br\/wp-content\/uploads\/2019\/08\/18.png 1200w\" sizes=\"auto, (max-width: 768px) 100vw, 768px\" \/><\/figure>\n\n\n\n<p>Entra em opera\u00e7\u00e3o o Departamento de Cursos, Palestras e Semin\u00e1rios do Sincomavi.<\/p>\n\n\n\n<h3 class=\"wp-block-heading\">1991<\/h3>\n\n\n\n<figure class=\"wp-block-image\"><img loading=\"lazy\" decoding=\"async\" width=\"768\" height=\"1024\" src=\"https:\/\/sincomavi.net\/wp-content\/uploads\/2019\/08\/19-768x1024.png\" alt=\"\" class=\"wp-image-1078\" srcset=\"https:\/\/sincomavi.org.br\/wp-content\/uploads\/2019\/08\/19-768x1024.png 768w, https:\/\/sincomavi.org.br\/wp-content\/uploads\/2019\/08\/19-225x300.png 225w, https:\/\/sincomavi.org.br\/wp-content\/uploads\/2019\/08\/19-315x420.png 315w, https:\/\/sincomavi.org.br\/wp-content\/uploads\/2019\/08\/19-640x853.png 640w, https:\/\/sincomavi.org.br\/wp-content\/uploads\/2019\/08\/19-681x908.png 681w, https:\/\/sincomavi.org.br\/wp-content\/uploads\/2019\/08\/19.png 1200w\" sizes=\"auto, (max-width: 768px) 100vw, 768px\" \/><\/figure>\n\n\n\n<p>In\u00edcio dos trabalhos da Bolsa de Empregos.<\/p>\n\n\n\n<h3 class=\"wp-block-heading\">1993<\/h3>\n\n\n\n<figure class=\"wp-block-image\"><img loading=\"lazy\" decoding=\"async\" width=\"1024\" height=\"640\" src=\"https:\/\/sincomavi.net\/wp-content\/uploads\/2019\/08\/LOGO_SINCOMAVI_1993-1024x640.png\" alt=\"\" class=\"wp-image-1120\" srcset=\"https:\/\/sincomavi.org.br\/wp-content\/uploads\/2019\/08\/LOGO_SINCOMAVI_1993-1024x640.png 1024w, https:\/\/sincomavi.org.br\/wp-content\/uploads\/2019\/08\/LOGO_SINCOMAVI_1993-300x188.png 300w, https:\/\/sincomavi.org.br\/wp-content\/uploads\/2019\/08\/LOGO_SINCOMAVI_1993-768x480.png 768w, https:\/\/sincomavi.org.br\/wp-content\/uploads\/2019\/08\/LOGO_SINCOMAVI_1993-672x420.png 672w, https:\/\/sincomavi.org.br\/wp-content\/uploads\/2019\/08\/LOGO_SINCOMAVI_1993-640x400.png 640w, https:\/\/sincomavi.org.br\/wp-content\/uploads\/2019\/08\/LOGO_SINCOMAVI_1993-681x426.png 681w, https:\/\/sincomavi.org.br\/wp-content\/uploads\/2019\/08\/LOGO_SINCOMAVI_1993.png 1280w\" sizes=\"auto, (max-width: 1024px) 100vw, 1024px\" \/><\/figure>\n\n\n\n<p>O Sincomavi adota um novo logo.<\/p>\n\n\n\n<h3 class=\"wp-block-heading\">1993<\/h3>\n\n\n\n<figure class=\"wp-block-image\"><img loading=\"lazy\" decoding=\"async\" width=\"768\" height=\"1024\" src=\"https:\/\/sincomavi.net\/wp-content\/uploads\/2019\/08\/20-768x1024.png\" alt=\"\" class=\"wp-image-1079\" srcset=\"https:\/\/sincomavi.org.br\/wp-content\/uploads\/2019\/08\/20-768x1024.png 768w, https:\/\/sincomavi.org.br\/wp-content\/uploads\/2019\/08\/20-225x300.png 225w, https:\/\/sincomavi.org.br\/wp-content\/uploads\/2019\/08\/20-315x420.png 315w, https:\/\/sincomavi.org.br\/wp-content\/uploads\/2019\/08\/20-640x853.png 640w, https:\/\/sincomavi.org.br\/wp-content\/uploads\/2019\/08\/20-681x908.png 681w, https:\/\/sincomavi.org.br\/wp-content\/uploads\/2019\/08\/20.png 1200w\" sizes=\"auto, (max-width: 768px) 100vw, 768px\" \/><\/figure>\n\n\n\n<p>Realiza\u00e7\u00e3o do Liquid\u00e3o &#8211; Feiras de material de constru\u00e7\u00e3o. Foram promovidas v\u00e1rias edi\u00e7\u00f5es que ajudavam os comerciantes do setor a desovarem suas pontas de estoque e a vender mais.<\/p>\n\n\n\n<h3 class=\"wp-block-heading\">1994<\/h3>\n\n\n\n<figure class=\"wp-block-image\"><img loading=\"lazy\" decoding=\"async\" width=\"768\" height=\"1024\" src=\"http:\/\/sincomavi.org.br\/wp-content\/uploads\/2019\/08\/21-768x1024.png\" alt=\"\" class=\"wp-image-1081\" srcset=\"https:\/\/sincomavi.org.br\/wp-content\/uploads\/2019\/08\/21-768x1024.png 768w, https:\/\/sincomavi.org.br\/wp-content\/uploads\/2019\/08\/21-225x300.png 225w, https:\/\/sincomavi.org.br\/wp-content\/uploads\/2019\/08\/21-315x420.png 315w, https:\/\/sincomavi.org.br\/wp-content\/uploads\/2019\/08\/21-640x853.png 640w, https:\/\/sincomavi.org.br\/wp-content\/uploads\/2019\/08\/21-681x908.png 681w, https:\/\/sincomavi.org.br\/wp-content\/uploads\/2019\/08\/21.png 1200w\" sizes=\"auto, (max-width: 768px) 100vw, 768px\" \/><\/figure>\n\n\n\n<p>Entidade realiza o Programa Gest\u00e3o pela Qualidade Total.<\/p>\n\n\n\n<h3 class=\"wp-block-heading\">1995<\/h3>\n\n\n\n<figure class=\"wp-block-image\"><img loading=\"lazy\" decoding=\"async\" width=\"768\" height=\"1024\" src=\"https:\/\/sincomavi.net\/wp-content\/uploads\/2019\/08\/22-768x1024.png\" alt=\"\" class=\"wp-image-1084\" srcset=\"https:\/\/sincomavi.org.br\/wp-content\/uploads\/2019\/08\/22-768x1024.png 768w, https:\/\/sincomavi.org.br\/wp-content\/uploads\/2019\/08\/22-225x300.png 225w, https:\/\/sincomavi.org.br\/wp-content\/uploads\/2019\/08\/22-315x420.png 315w, https:\/\/sincomavi.org.br\/wp-content\/uploads\/2019\/08\/22-640x853.png 640w, https:\/\/sincomavi.org.br\/wp-content\/uploads\/2019\/08\/22-681x908.png 681w, https:\/\/sincomavi.org.br\/wp-content\/uploads\/2019\/08\/22.png 1200w\" sizes=\"auto, (max-width: 768px) 100vw, 768px\" \/><\/figure>\n\n\n\n<ul class=\"wp-block-list\">\n<li>Matcons \u2013 1\u00ba software de gest\u00e3o desenvolvido pelo Senac-SP especialmente para o setor com apoio do Sincomavi<\/li>\n\n\n\n<li>Grupo ConstRHuir \u2013 Apoio na cria\u00e7\u00e3o do Grupo de Recursos Humanos do Com\u00e9rcio.<\/li>\n<\/ul>\n\n\n\n<h3 class=\"wp-block-heading\">1996<\/h3>\n\n\n\n<figure class=\"wp-block-image\"><img loading=\"lazy\" decoding=\"async\" width=\"768\" height=\"1024\" src=\"https:\/\/sincomavi.net\/wp-content\/uploads\/2019\/08\/23-768x1024.png\" alt=\"\" class=\"wp-image-1086\" srcset=\"https:\/\/sincomavi.org.br\/wp-content\/uploads\/2019\/08\/23-768x1024.png 768w, https:\/\/sincomavi.org.br\/wp-content\/uploads\/2019\/08\/23-225x300.png 225w, https:\/\/sincomavi.org.br\/wp-content\/uploads\/2019\/08\/23-315x420.png 315w, https:\/\/sincomavi.org.br\/wp-content\/uploads\/2019\/08\/23-640x853.png 640w, https:\/\/sincomavi.org.br\/wp-content\/uploads\/2019\/08\/23-681x908.png 681w, https:\/\/sincomavi.org.br\/wp-content\/uploads\/2019\/08\/23.png 1200w\" sizes=\"auto, (max-width: 768px) 100vw, 768px\" \/><\/figure>\n\n\n\n<p>Realiza\u00e7\u00e3o de uma s\u00e9rie de reuni\u00f5es entre lojistas e representantes da ind\u00fastria: \u201cEncontro Empresarial\u201d.<\/p>\n\n\n\n<h3 class=\"wp-block-heading\">1997<\/h3>\n\n\n\n<figure class=\"wp-block-image\"><img loading=\"lazy\" decoding=\"async\" width=\"1200\" height=\"1600\" src=\"https:\/\/sincomavi.net\/wp-content\/uploads\/2019\/08\/24-768x1024.png\" alt=\"\" class=\"wp-image-1087\" srcset=\"https:\/\/sincomavi.org.br\/wp-content\/uploads\/2019\/08\/24-768x1024.png 768w, https:\/\/sincomavi.org.br\/wp-content\/uploads\/2019\/08\/24-225x300.png 225w, https:\/\/sincomavi.org.br\/wp-content\/uploads\/2019\/08\/24-315x420.png 315w, https:\/\/sincomavi.org.br\/wp-content\/uploads\/2019\/08\/24-640x853.png 640w, https:\/\/sincomavi.org.br\/wp-content\/uploads\/2019\/08\/24-681x908.png 681w, https:\/\/sincomavi.org.br\/wp-content\/uploads\/2019\/08\/24.png 1200w\" sizes=\"auto, (max-width: 1200px) 100vw, 1200px\" \/><\/figure>\n\n\n\n<ul class=\"wp-block-list\">\n<li>Publica\u00e7\u00e3o do Manual de Diretrizes B\u00e1sicas<\/li>\n\n\n\n<li>Sincomavi promove palestras especiais sobre Associativismo e, em parceria com o Sebrae-SP, cria metodologia para a implanta\u00e7\u00e3o de redes associativistas<\/li>\n\n\n\n<li>Funda\u00e7\u00e3o, com o apoio do Sincomavi, da rede Construir<\/li>\n<\/ul>\n\n\n\n<h3 class=\"wp-block-heading\">1999<\/h3>\n\n\n\n<figure class=\"wp-block-image\"><img loading=\"lazy\" decoding=\"async\" width=\"768\" height=\"1024\" src=\"https:\/\/sincomavi.net\/wp-content\/uploads\/2019\/08\/25-768x1024.png\" alt=\"\" class=\"wp-image-1089\" srcset=\"https:\/\/sincomavi.org.br\/wp-content\/uploads\/2019\/08\/25-768x1024.png 768w, https:\/\/sincomavi.org.br\/wp-content\/uploads\/2019\/08\/25-225x300.png 225w, https:\/\/sincomavi.org.br\/wp-content\/uploads\/2019\/08\/25-315x420.png 315w, https:\/\/sincomavi.org.br\/wp-content\/uploads\/2019\/08\/25-640x853.png 640w, https:\/\/sincomavi.org.br\/wp-content\/uploads\/2019\/08\/25-681x908.png 681w, https:\/\/sincomavi.org.br\/wp-content\/uploads\/2019\/08\/25.png 1200w\" sizes=\"auto, (max-width: 768px) 100vw, 768px\" \/><\/figure>\n\n\n\n<p>Cria\u00e7\u00e3o do Clube de Compras &amp; Neg\u00f3cios do Sincomavi<\/p>\n\n\n\n<h3 class=\"wp-block-heading\">2005<\/h3>\n\n\n\n<figure class=\"wp-block-image\"><img loading=\"lazy\" decoding=\"async\" width=\"768\" height=\"1024\" src=\"https:\/\/sincomavi.net\/wp-content\/uploads\/2019\/08\/27-768x1024.png\" alt=\"\" class=\"wp-image-1091\" srcset=\"https:\/\/sincomavi.org.br\/wp-content\/uploads\/2019\/08\/27-768x1024.png 768w, https:\/\/sincomavi.org.br\/wp-content\/uploads\/2019\/08\/27-225x300.png 225w, https:\/\/sincomavi.org.br\/wp-content\/uploads\/2019\/08\/27-315x420.png 315w, https:\/\/sincomavi.org.br\/wp-content\/uploads\/2019\/08\/27-640x853.png 640w, https:\/\/sincomavi.org.br\/wp-content\/uploads\/2019\/08\/27-681x908.png 681w, https:\/\/sincomavi.org.br\/wp-content\/uploads\/2019\/08\/27.png 1200w\" sizes=\"auto, (max-width: 768px) 100vw, 768px\" \/><\/figure>\n\n\n\n<p>Simp\u00f3sio Sincomavi \u00e9 realizado pela primeira vez.<\/p>\n\n\n\n<h3 class=\"wp-block-heading\">2006<\/h3>\n\n\n\n<figure class=\"wp-block-image\"><img loading=\"lazy\" decoding=\"async\" width=\"768\" height=\"1024\" src=\"https:\/\/sincomavi.net\/wp-content\/uploads\/2019\/08\/28-768x1024.png\" alt=\"\" class=\"wp-image-1093\" srcset=\"https:\/\/sincomavi.org.br\/wp-content\/uploads\/2019\/08\/28-768x1024.png 768w, https:\/\/sincomavi.org.br\/wp-content\/uploads\/2019\/08\/28-225x300.png 225w, https:\/\/sincomavi.org.br\/wp-content\/uploads\/2019\/08\/28-315x420.png 315w, https:\/\/sincomavi.org.br\/wp-content\/uploads\/2019\/08\/28-640x853.png 640w, https:\/\/sincomavi.org.br\/wp-content\/uploads\/2019\/08\/28-681x908.png 681w, https:\/\/sincomavi.org.br\/wp-content\/uploads\/2019\/08\/28.png 1200w\" sizes=\"auto, (max-width: 768px) 100vw, 768px\" \/><\/figure>\n\n\n\n<ul class=\"wp-block-list\">\n<li>Reinaldo Pedro Correa assume a presid\u00eancia<\/li>\n\n\n\n<li>Cria\u00e7\u00e3o do Cons\u00f3rcio para a venda de Material de Constru\u00e7\u00e3o<\/li>\n<\/ul>\n\n\n\n<h3 class=\"wp-block-heading\">2008<\/h3>\n\n\n\n<figure class=\"wp-block-image\"><img loading=\"lazy\" decoding=\"async\" width=\"768\" height=\"1024\" src=\"https:\/\/sincomavi.net\/wp-content\/uploads\/2019\/08\/29-768x1024.png\" alt=\"\" class=\"wp-image-1095\" srcset=\"https:\/\/sincomavi.org.br\/wp-content\/uploads\/2019\/08\/29-768x1024.png 768w, https:\/\/sincomavi.org.br\/wp-content\/uploads\/2019\/08\/29-225x300.png 225w, https:\/\/sincomavi.org.br\/wp-content\/uploads\/2019\/08\/29-315x420.png 315w, https:\/\/sincomavi.org.br\/wp-content\/uploads\/2019\/08\/29-640x853.png 640w, https:\/\/sincomavi.org.br\/wp-content\/uploads\/2019\/08\/29-681x908.png 681w, https:\/\/sincomavi.org.br\/wp-content\/uploads\/2019\/08\/29.png 1200w\" sizes=\"auto, (max-width: 768px) 100vw, 768px\" \/><\/figure>\n\n\n\n<p>Lan\u00e7ada a revista Sincomavi.<\/p>\n\n\n\n<h3 class=\"wp-block-heading\">2011<\/h3>\n\n\n\n<figure class=\"wp-block-image\"><img loading=\"lazy\" decoding=\"async\" width=\"768\" height=\"1024\" src=\"https:\/\/sincomavi.net\/wp-content\/uploads\/2019\/08\/30-768x1024.png\" alt=\"\" class=\"wp-image-1096\" srcset=\"https:\/\/sincomavi.org.br\/wp-content\/uploads\/2019\/08\/30-768x1024.png 768w, https:\/\/sincomavi.org.br\/wp-content\/uploads\/2019\/08\/30-225x300.png 225w, https:\/\/sincomavi.org.br\/wp-content\/uploads\/2019\/08\/30-315x420.png 315w, https:\/\/sincomavi.org.br\/wp-content\/uploads\/2019\/08\/30-640x853.png 640w, https:\/\/sincomavi.org.br\/wp-content\/uploads\/2019\/08\/30-681x908.png 681w, https:\/\/sincomavi.org.br\/wp-content\/uploads\/2019\/08\/30.png 1200w\" sizes=\"auto, (max-width: 768px) 100vw, 768px\" \/><\/figure>\n\n\n\n<p>Entidade come\u00e7a a tomar parte do Sistema de Excel\u00eancia em Gest\u00e3o Sindical, da CNC e FecomercioSP<\/p>\n\n\n\n<h3 class=\"wp-block-heading\">2012<\/h3>\n\n\n\n<figure class=\"wp-block-image\"><img loading=\"lazy\" decoding=\"async\" width=\"768\" height=\"1024\" src=\"https:\/\/sincomavi.net\/wp-content\/uploads\/2019\/08\/31-768x1024.png\" alt=\"\" class=\"wp-image-1099\" srcset=\"https:\/\/sincomavi.org.br\/wp-content\/uploads\/2019\/08\/31-768x1024.png 768w, https:\/\/sincomavi.org.br\/wp-content\/uploads\/2019\/08\/31-225x300.png 225w, https:\/\/sincomavi.org.br\/wp-content\/uploads\/2019\/08\/31-315x420.png 315w, https:\/\/sincomavi.org.br\/wp-content\/uploads\/2019\/08\/31-640x853.png 640w, https:\/\/sincomavi.org.br\/wp-content\/uploads\/2019\/08\/31-681x908.png 681w, https:\/\/sincomavi.org.br\/wp-content\/uploads\/2019\/08\/31.png 1200w\" sizes=\"auto, (max-width: 768px) 100vw, 768px\" \/><\/figure>\n\n\n\n<p>Sincomavi promove o Programa de Gest\u00e3o M\u00e1ster.<\/p>\n\n\n\n<h3 class=\"wp-block-heading\">2012<\/h3>\n\n\n\n<figure class=\"wp-block-image\"><img loading=\"lazy\" decoding=\"async\" width=\"1024\" height=\"617\" src=\"https:\/\/sincomavi.net\/wp-content\/uploads\/2019\/08\/32-1024x617.png\" alt=\"\" class=\"wp-image-1101\" srcset=\"https:\/\/sincomavi.org.br\/wp-content\/uploads\/2019\/08\/32-1024x617.png 1024w, https:\/\/sincomavi.org.br\/wp-content\/uploads\/2019\/08\/32-300x181.png 300w, https:\/\/sincomavi.org.br\/wp-content\/uploads\/2019\/08\/32-768x463.png 768w, https:\/\/sincomavi.org.br\/wp-content\/uploads\/2019\/08\/32-697x420.png 697w, https:\/\/sincomavi.org.br\/wp-content\/uploads\/2019\/08\/32-640x386.png 640w, https:\/\/sincomavi.org.br\/wp-content\/uploads\/2019\/08\/32-681x410.png 681w, https:\/\/sincomavi.org.br\/wp-content\/uploads\/2019\/08\/32.png 1200w\" sizes=\"auto, (max-width: 1024px) 100vw, 1024px\" \/><\/figure>\n\n\n\n<p>Formado por empres\u00e1rios que atuam no varejo de material de constru\u00e7\u00e3o, o Grupo de Trabalho Boa Vista (GTBV) foi criado em 2012. A ideia inicial era a troca de informa\u00e7\u00f5es entre seus componentes, com o passar do tempo o trabalho foi ampliado e, hoje, o grupo possui uma programa\u00e7\u00e3o ampla, que conta inclusive com palestras especiais e visitas t\u00e9cnicas. <\/p>\n\n\n\n<h3 class=\"wp-block-heading\">2013<\/h3>\n\n\n\n<figure class=\"wp-block-image\"><img loading=\"lazy\" decoding=\"async\" width=\"768\" height=\"1024\" src=\"https:\/\/sincomavi.net\/wp-content\/uploads\/2019\/08\/33-768x1024.png\" alt=\"\" class=\"wp-image-1102\" srcset=\"https:\/\/sincomavi.org.br\/wp-content\/uploads\/2019\/08\/33-768x1024.png 768w, https:\/\/sincomavi.org.br\/wp-content\/uploads\/2019\/08\/33-225x300.png 225w, https:\/\/sincomavi.org.br\/wp-content\/uploads\/2019\/08\/33-315x420.png 315w, https:\/\/sincomavi.org.br\/wp-content\/uploads\/2019\/08\/33-640x853.png 640w, https:\/\/sincomavi.org.br\/wp-content\/uploads\/2019\/08\/33-681x908.png 681w, https:\/\/sincomavi.org.br\/wp-content\/uploads\/2019\/08\/33.png 1200w\" sizes=\"auto, (max-width: 768px) 100vw, 768px\" \/><\/figure>\n\n\n\n<p>Sincomavi participa da C\u00e2mara Brasileira de Materiais de Constru\u00e7\u00e3o (CBMC), da Confedera\u00e7\u00e3o Nacional do Com\u00e9rcio de Bens, Servi\u00e7os e Turismo (CNC). A entidade \u00e9 representada pelo diretor Cl\u00e1udio Ara\u00fajo de Lima.<\/p>\n\n\n\n<h3 class=\"wp-block-heading\">2014<\/h3>\n\n\n\n<figure class=\"wp-block-image\"><img loading=\"lazy\" decoding=\"async\" width=\"768\" height=\"1024\" src=\"https:\/\/sincomavi.net\/wp-content\/uploads\/2019\/08\/34-768x1024.png\" alt=\"\" class=\"wp-image-1104\" srcset=\"https:\/\/sincomavi.org.br\/wp-content\/uploads\/2019\/08\/34-768x1024.png 768w, https:\/\/sincomavi.org.br\/wp-content\/uploads\/2019\/08\/34-225x300.png 225w, https:\/\/sincomavi.org.br\/wp-content\/uploads\/2019\/08\/34-315x420.png 315w, https:\/\/sincomavi.org.br\/wp-content\/uploads\/2019\/08\/34-640x853.png 640w, https:\/\/sincomavi.org.br\/wp-content\/uploads\/2019\/08\/34-681x908.png 681w, https:\/\/sincomavi.org.br\/wp-content\/uploads\/2019\/08\/34.png 1200w\" sizes=\"auto, (max-width: 768px) 100vw, 768px\" \/><\/figure>\n\n\n\n<p>Participa\u00e7\u00e3o de representante do Sincomavi no Congresso Nacional de Sindicatos Patronais do Com\u00e9rcio de Bens, Servi\u00e7os e Turismo.<\/p>\n\n\n\n<h3 class=\"wp-block-heading\">2014<\/h3>\n\n\n\n<figure class=\"wp-block-image\"><img loading=\"lazy\" decoding=\"async\" width=\"1024\" height=\"576\" src=\"https:\/\/sincomavi.net\/wp-content\/uploads\/2019\/08\/35-1024x576.png\" alt=\"\" class=\"wp-image-1106\" srcset=\"https:\/\/sincomavi.org.br\/wp-content\/uploads\/2019\/08\/35-1024x576.png 1024w, https:\/\/sincomavi.org.br\/wp-content\/uploads\/2019\/08\/35-300x169.png 300w, https:\/\/sincomavi.org.br\/wp-content\/uploads\/2019\/08\/35-768x432.png 768w, https:\/\/sincomavi.org.br\/wp-content\/uploads\/2019\/08\/35-747x420.png 747w, https:\/\/sincomavi.org.br\/wp-content\/uploads\/2019\/08\/35-640x360.png 640w, https:\/\/sincomavi.org.br\/wp-content\/uploads\/2019\/08\/35-681x383.png 681w, https:\/\/sincomavi.org.br\/wp-content\/uploads\/2019\/08\/35.png 1200w\" sizes=\"auto, (max-width: 1024px) 100vw, 1024px\" \/><\/figure>\n\n\n\n<p>O Sincomavi intensificou a partir de 2014 o seu envolvimento nas negocia\u00e7\u00f5es e estudos para a implanta\u00e7\u00e3o da Log\u00edstica Reversa nos setores representados pela entidade.<\/p>\n\n\n\n<h3 class=\"wp-block-heading\">2015<\/h3>\n\n\n\n<figure class=\"wp-block-image\"><img loading=\"lazy\" decoding=\"async\" width=\"768\" height=\"1024\" src=\"http:\/\/sincomavi.org.br\/wp-content\/uploads\/2019\/08\/36-768x1024.png\" alt=\"\" class=\"wp-image-1052\" srcset=\"https:\/\/sincomavi.org.br\/wp-content\/uploads\/2019\/08\/36-768x1024.png 768w, https:\/\/sincomavi.org.br\/wp-content\/uploads\/2019\/08\/36-225x300.png 225w, https:\/\/sincomavi.org.br\/wp-content\/uploads\/2019\/08\/36-315x420.png 315w, https:\/\/sincomavi.org.br\/wp-content\/uploads\/2019\/08\/36-640x853.png 640w, https:\/\/sincomavi.org.br\/wp-content\/uploads\/2019\/08\/36-681x908.png 681w, https:\/\/sincomavi.org.br\/wp-content\/uploads\/2019\/08\/36.png 1200w\" sizes=\"auto, (max-width: 768px) 100vw, 768px\" \/><\/figure>\n\n\n\n<p>Rebranding &#8211; Sincomavi adota uma nova identidade visual, que abarca todos os setores representados.<\/p>\n\n\n\n<h3 class=\"wp-block-heading\">2015<\/h3>\n\n\n\n<figure class=\"wp-block-image\"><img loading=\"lazy\" decoding=\"async\" width=\"1024\" height=\"676\" src=\"http:\/\/sincomavi.org.br\/wp-content\/uploads\/2019\/08\/37-1024x676.png\" alt=\"\" class=\"wp-image-1048\" srcset=\"https:\/\/sincomavi.org.br\/wp-content\/uploads\/2019\/08\/37-1024x676.png 1024w, https:\/\/sincomavi.org.br\/wp-content\/uploads\/2019\/08\/37-300x198.png 300w, https:\/\/sincomavi.org.br\/wp-content\/uploads\/2019\/08\/37-768x507.png 768w, https:\/\/sincomavi.org.br\/wp-content\/uploads\/2019\/08\/37-636x420.png 636w, https:\/\/sincomavi.org.br\/wp-content\/uploads\/2019\/08\/37-640x422.png 640w, https:\/\/sincomavi.org.br\/wp-content\/uploads\/2019\/08\/37-681x449.png 681w, https:\/\/sincomavi.org.br\/wp-content\/uploads\/2019\/08\/37.png 1200w\" sizes=\"auto, (max-width: 1024px) 100vw, 1024px\" \/><\/figure>\n\n\n\n<p>O Sincomavi Digital \u00e9 um hotsite criado para trazer conte\u00fado especial sobre inova\u00e7\u00e3o, tecnologia, marketing e com\u00e9rcio eletr\u00f4nico. Tem como meta facilitar essa transi\u00e7\u00e3o por meio da informa\u00e7\u00e3o e de parcerias de valor.<\/p>\n\n\n\n<h3 class=\"wp-block-heading\">2015<\/h3>\n\n\n\n<figure class=\"wp-block-image\"><img loading=\"lazy\" decoding=\"async\" width=\"813\" height=\"1024\" src=\"http:\/\/sincomavi.org.br\/wp-content\/uploads\/2019\/08\/38-1-813x1024.png\" alt=\"\" class=\"wp-image-1053\" srcset=\"https:\/\/sincomavi.org.br\/wp-content\/uploads\/2019\/08\/38-1-813x1024.png 813w, https:\/\/sincomavi.org.br\/wp-content\/uploads\/2019\/08\/38-1-238x300.png 238w, https:\/\/sincomavi.org.br\/wp-content\/uploads\/2019\/08\/38-1-768x968.png 768w, https:\/\/sincomavi.org.br\/wp-content\/uploads\/2019\/08\/38-1-333x420.png 333w, https:\/\/sincomavi.org.br\/wp-content\/uploads\/2019\/08\/38-1-640x806.png 640w, https:\/\/sincomavi.org.br\/wp-content\/uploads\/2019\/08\/38-1-681x858.png 681w, https:\/\/sincomavi.org.br\/wp-content\/uploads\/2019\/08\/38-1.png 1200w\" sizes=\"auto, (max-width: 813px) 100vw, 813px\" \/><\/figure>\n\n\n\n<p>Em raz\u00e3o da dificuldade do comerciante em obter informa\u00e7\u00f5es e material sobre os avisos e cartazes obrigat\u00f3rios no ponto de venda, o Sincomavi passa produzir conte\u00fado especial sobre o tema.<\/p>\n\n\n\n<h3 class=\"wp-block-heading\">2016<\/h3>\n\n\n\n<figure class=\"wp-block-image\"><img loading=\"lazy\" decoding=\"async\" width=\"1024\" height=\"683\" src=\"https:\/\/sincomavi.net\/wp-content\/uploads\/2019\/08\/39-1024x683.png\" alt=\"\" class=\"wp-image-1111\" srcset=\"https:\/\/sincomavi.org.br\/wp-content\/uploads\/2019\/08\/39-1024x683.png 1024w, https:\/\/sincomavi.org.br\/wp-content\/uploads\/2019\/08\/39-300x200.png 300w, https:\/\/sincomavi.org.br\/wp-content\/uploads\/2019\/08\/39-768x512.png 768w, https:\/\/sincomavi.org.br\/wp-content\/uploads\/2019\/08\/39-630x420.png 630w, https:\/\/sincomavi.org.br\/wp-content\/uploads\/2019\/08\/39-640x427.png 640w, https:\/\/sincomavi.org.br\/wp-content\/uploads\/2019\/08\/39-681x454.png 681w, https:\/\/sincomavi.org.br\/wp-content\/uploads\/2019\/08\/39.png 1200w\" sizes=\"auto, (max-width: 1024px) 100vw, 1024px\" \/><\/figure>\n\n\n\n<p>O ECOS &#8211; Encontro de Contabilistas e Sindicatos Patronais teve como objetivo aprimorar&nbsp; o conhecimento&nbsp; dos&nbsp; profissionais e gestores de escrit\u00f3rios cont\u00e1beis de acordo com as exig\u00eancias do novo cen\u00e1rio trabalhista. O evento contou com v\u00e1rias edi\u00e7\u00f5es e foi feito em conjunto por oito sindicatos patronais, incluindo o Sincomavi.<\/p>\n\n\n\n<h3 class=\"wp-block-heading\">2017<\/h3>\n\n\n\n<figure class=\"wp-block-image\"><img loading=\"lazy\" decoding=\"async\" width=\"723\" height=\"1024\" src=\"http:\/\/sincomavi.org.br\/wp-content\/uploads\/2019\/08\/40-723x1024.png\" alt=\"\" class=\"wp-image-1113\" srcset=\"https:\/\/sincomavi.org.br\/wp-content\/uploads\/2019\/08\/40-723x1024.png 723w, https:\/\/sincomavi.org.br\/wp-content\/uploads\/2019\/08\/40-212x300.png 212w, https:\/\/sincomavi.org.br\/wp-content\/uploads\/2019\/08\/40-768x1087.png 768w, https:\/\/sincomavi.org.br\/wp-content\/uploads\/2019\/08\/40-297x420.png 297w, https:\/\/sincomavi.org.br\/wp-content\/uploads\/2019\/08\/40-640x906.png 640w, https:\/\/sincomavi.org.br\/wp-content\/uploads\/2019\/08\/40-681x964.png 681w, https:\/\/sincomavi.org.br\/wp-content\/uploads\/2019\/08\/40.png 1200w\" sizes=\"auto, (max-width: 723px) 100vw, 723px\" \/><\/figure>\n\n\n\n<p>O Sincomavi aumenta a oferta de conte\u00fados especiais para os profissionais do segmento, como o Manual do Empres\u00e1rio.<\/p>\n\n\n\n<h3 class=\"wp-block-heading\">2017<\/h3>\n\n\n\n<figure class=\"wp-block-image\"><img loading=\"lazy\" decoding=\"async\" width=\"725\" height=\"1024\" src=\"http:\/\/sincomavi.org.br\/wp-content\/uploads\/2019\/08\/41-725x1024.png\" alt=\"\" class=\"wp-image-1046\" srcset=\"https:\/\/sincomavi.org.br\/wp-content\/uploads\/2019\/08\/41-725x1024.png 725w, https:\/\/sincomavi.org.br\/wp-content\/uploads\/2019\/08\/41-212x300.png 212w, https:\/\/sincomavi.org.br\/wp-content\/uploads\/2019\/08\/41-768x1085.png 768w, https:\/\/sincomavi.org.br\/wp-content\/uploads\/2019\/08\/41-297x420.png 297w, https:\/\/sincomavi.org.br\/wp-content\/uploads\/2019\/08\/41-640x905.png 640w, https:\/\/sincomavi.org.br\/wp-content\/uploads\/2019\/08\/41-681x962.png 681w, https:\/\/sincomavi.org.br\/wp-content\/uploads\/2019\/08\/41.png 1200w\" sizes=\"auto, (max-width: 725px) 100vw, 725px\" \/><\/figure>\n\n\n\n<p>Sincomavi lan\u00e7a ebook &#8220;Busca pela Excel\u00eancia &#8211; O que voc\u00ea precisa saber&#8221;, de Francisco Teixeira Neto e Jo\u00e3o Andr\u00e9 de Moraes.<\/p>\n\n\n\n<h3 class=\"wp-block-heading\">2017<\/h3>\n\n\n\n<figure class=\"wp-block-image\"><img loading=\"lazy\" decoding=\"async\" width=\"723\" height=\"1024\" src=\"http:\/\/sincomavi.org.br\/wp-content\/uploads\/2019\/08\/42-723x1024.png\" alt=\"\" class=\"wp-image-1043\" srcset=\"https:\/\/sincomavi.org.br\/wp-content\/uploads\/2019\/08\/42-723x1024.png 723w, https:\/\/sincomavi.org.br\/wp-content\/uploads\/2019\/08\/42-212x300.png 212w, https:\/\/sincomavi.org.br\/wp-content\/uploads\/2019\/08\/42-768x1087.png 768w, https:\/\/sincomavi.org.br\/wp-content\/uploads\/2019\/08\/42-297x420.png 297w, https:\/\/sincomavi.org.br\/wp-content\/uploads\/2019\/08\/42-640x906.png 640w, https:\/\/sincomavi.org.br\/wp-content\/uploads\/2019\/08\/42-681x964.png 681w, https:\/\/sincomavi.org.br\/wp-content\/uploads\/2019\/08\/42.png 1200w\" sizes=\"auto, (max-width: 723px) 100vw, 723px\" \/><\/figure>\n\n\n\n<p>Sincomavi lan\u00e7a o Manual de Fiscaliza\u00e7\u00e3o, que j\u00e1 est\u00e1 em sua segunda edi\u00e7\u00e3o.<\/p>\n\n\n\n<h3 class=\"wp-block-heading\">2017<\/h3>\n\n\n\n<figure class=\"wp-block-image\"><img loading=\"lazy\" decoding=\"async\" width=\"1024\" height=\"649\" src=\"http:\/\/sincomavi.org.br\/wp-content\/uploads\/2019\/08\/43-1024x649.png\" alt=\"\" class=\"wp-image-1042\" srcset=\"https:\/\/sincomavi.org.br\/wp-content\/uploads\/2019\/08\/43-1024x649.png 1024w, https:\/\/sincomavi.org.br\/wp-content\/uploads\/2019\/08\/43-300x190.png 300w, https:\/\/sincomavi.org.br\/wp-content\/uploads\/2019\/08\/43-768x486.png 768w, https:\/\/sincomavi.org.br\/wp-content\/uploads\/2019\/08\/43-663x420.png 663w, https:\/\/sincomavi.org.br\/wp-content\/uploads\/2019\/08\/43-640x405.png 640w, https:\/\/sincomavi.org.br\/wp-content\/uploads\/2019\/08\/43-681x431.png 681w, https:\/\/sincomavi.org.br\/wp-content\/uploads\/2019\/08\/43.png 1200w\" sizes=\"auto, (max-width: 1024px) 100vw, 1024px\" \/><\/figure>\n\n\n\n<p>Sincomavi lan\u00e7a o seu canal de ensino a dist\u00e2ncia.<br><a rel=\"noreferrer noopener\" aria-label=\"www.sincomavieduca.org.br (abre numa nova aba)\" href=\"http:\/\/www.sincomavieduca.org.br\" target=\"_blank\">www.sincomavieduca.org.br<\/a><\/p>\n\n\n\n<h3 class=\"wp-block-heading\">2018<\/h3>\n\n\n\n<figure class=\"wp-block-image\"><img loading=\"lazy\" decoding=\"async\" width=\"1024\" height=\"747\" src=\"http:\/\/sincomavi.org.br\/wp-content\/uploads\/2019\/08\/44-1024x747.png\" alt=\"\" class=\"wp-image-1041\" srcset=\"https:\/\/sincomavi.org.br\/wp-content\/uploads\/2019\/08\/44-1024x747.png 1024w, https:\/\/sincomavi.org.br\/wp-content\/uploads\/2019\/08\/44-300x219.png 300w, https:\/\/sincomavi.org.br\/wp-content\/uploads\/2019\/08\/44-768x560.png 768w, https:\/\/sincomavi.org.br\/wp-content\/uploads\/2019\/08\/44-576x420.png 576w, https:\/\/sincomavi.org.br\/wp-content\/uploads\/2019\/08\/44-640x467.png 640w, https:\/\/sincomavi.org.br\/wp-content\/uploads\/2019\/08\/44-681x497.png 681w, https:\/\/sincomavi.org.br\/wp-content\/uploads\/2019\/08\/44.png 1200w\" sizes=\"auto, (max-width: 1024px) 100vw, 1024px\" \/><\/figure>\n\n\n\n<p>O Sincomavi Alerta \u00e9 um hotsite especial criado pela entidade para repassar informa\u00e7\u00f5es sobre projetos de lei, portarias, decis\u00f5es da justi\u00e7a e do poder executivo.<br>Conhe\u00e7a: <a rel=\"noreferrer noopener\" aria-label=\"www.sincomavialerta.org.br (abre numa nova aba)\" href=\"http:\/\/www.sincomavialerta.org.br\" target=\"_blank\">www.sincomavialerta.org.br<\/a>.<\/p>\n\n\n\n<h3 class=\"wp-block-heading\">2018<\/h3>\n\n\n\n<figure class=\"wp-block-image\"><img loading=\"lazy\" decoding=\"async\" width=\"715\" height=\"1024\" src=\"http:\/\/sincomavi.org.br\/wp-content\/uploads\/2019\/08\/45-715x1024.png\" alt=\"\" class=\"wp-image-1040\" srcset=\"https:\/\/sincomavi.org.br\/wp-content\/uploads\/2019\/08\/45-715x1024.png 715w, https:\/\/sincomavi.org.br\/wp-content\/uploads\/2019\/08\/45-210x300.png 210w, https:\/\/sincomavi.org.br\/wp-content\/uploads\/2019\/08\/45-768x1100.png 768w, https:\/\/sincomavi.org.br\/wp-content\/uploads\/2019\/08\/45-293x420.png 293w, https:\/\/sincomavi.org.br\/wp-content\/uploads\/2019\/08\/45-640x916.png 640w, https:\/\/sincomavi.org.br\/wp-content\/uploads\/2019\/08\/45-681x975.png 681w, https:\/\/sincomavi.org.br\/wp-content\/uploads\/2019\/08\/45.png 1200w\" sizes=\"auto, (max-width: 715px) 100vw, 715px\" \/><\/figure>\n\n\n\n<p>Sincomavi lan\u00e7a uma edi\u00e7\u00e3o completa e ampliada do C\u00f3digo de Defesa do Consumidor.<\/p>\n\n\n\n<h3 class=\"wp-block-heading\">2018<\/h3>\n\n\n\n<figure class=\"wp-block-image\"><img loading=\"lazy\" decoding=\"async\" width=\"1024\" height=\"770\" src=\"http:\/\/sincomavi.org.br\/wp-content\/uploads\/2019\/08\/46-1024x770.png\" alt=\"\" class=\"wp-image-1039\" srcset=\"https:\/\/sincomavi.org.br\/wp-content\/uploads\/2019\/08\/46-1024x770.png 1024w, https:\/\/sincomavi.org.br\/wp-content\/uploads\/2019\/08\/46-300x226.png 300w, https:\/\/sincomavi.org.br\/wp-content\/uploads\/2019\/08\/46-768x577.png 768w, https:\/\/sincomavi.org.br\/wp-content\/uploads\/2019\/08\/46-559x420.png 559w, https:\/\/sincomavi.org.br\/wp-content\/uploads\/2019\/08\/46-80x60.png 80w, https:\/\/sincomavi.org.br\/wp-content\/uploads\/2019\/08\/46-100x75.png 100w, https:\/\/sincomavi.org.br\/wp-content\/uploads\/2019\/08\/46-180x135.png 180w, https:\/\/sincomavi.org.br\/wp-content\/uploads\/2019\/08\/46-238x178.png 238w, https:\/\/sincomavi.org.br\/wp-content\/uploads\/2019\/08\/46-640x481.png 640w, https:\/\/sincomavi.org.br\/wp-content\/uploads\/2019\/08\/46-681x512.png 681w, https:\/\/sincomavi.org.br\/wp-content\/uploads\/2019\/08\/46.png 1200w\" sizes=\"auto, (max-width: 1024px) 100vw, 1024px\" \/><\/figure>\n\n\n\n<p>Formado em maio de 2018,&nbsp; o Comit\u00ea sobre Fiscaliza\u00e7\u00e3o tem como meta aprimorar a divulga\u00e7\u00e3o de normas e leis que versem sobre as rela\u00e7\u00f5es de consumo, estabelecer canais diretos com ind\u00fastrias, distribuidores e importadores para aperfei\u00e7oamento das informa\u00e7\u00f5es nas embalagens dos produtos comercializados e combater a fiscaliza\u00e7\u00e3o inadequada.<\/p>\n\n\n\n<h3 class=\"wp-block-heading\">2019<\/h3>\n\n\n\n<figure class=\"wp-block-image\"><img loading=\"lazy\" decoding=\"async\" width=\"725\" height=\"1024\" src=\"http:\/\/sincomavi.org.br\/wp-content\/uploads\/2019\/08\/47-725x1024.png\" alt=\"\" class=\"wp-image-1037\" srcset=\"https:\/\/sincomavi.org.br\/wp-content\/uploads\/2019\/08\/47-725x1024.png 725w, https:\/\/sincomavi.org.br\/wp-content\/uploads\/2019\/08\/47-212x300.png 212w, https:\/\/sincomavi.org.br\/wp-content\/uploads\/2019\/08\/47-768x1085.png 768w, https:\/\/sincomavi.org.br\/wp-content\/uploads\/2019\/08\/47-297x420.png 297w, https:\/\/sincomavi.org.br\/wp-content\/uploads\/2019\/08\/47-640x905.png 640w, https:\/\/sincomavi.org.br\/wp-content\/uploads\/2019\/08\/47-681x962.png 681w, https:\/\/sincomavi.org.br\/wp-content\/uploads\/2019\/08\/47.png 1200w\" sizes=\"auto, (max-width: 725px) 100vw, 725px\" \/><\/figure>\n\n\n\n<p>Sincomavi publica a Cartilha &#8220;Log\u00edstica Reversa &#8211; Acordos Setoriais e Termos de Compromisso&#8221;, que \u00e9 atualizada regularmente em raz\u00e3o das mudan\u00e7as constantes sobre o tema.<\/p>\n\n\n\n<h3 class=\"wp-block-heading\">2019<\/h3>\n\n\n\n<figure class=\"wp-block-image\"><img loading=\"lazy\" decoding=\"async\" width=\"1024\" height=\"683\" src=\"http:\/\/sincomavi.org.br\/wp-content\/uploads\/2019\/08\/48-1024x683.png\" alt=\"\" class=\"wp-image-1036\" srcset=\"https:\/\/sincomavi.org.br\/wp-content\/uploads\/2019\/08\/48-1024x683.png 1024w, https:\/\/sincomavi.org.br\/wp-content\/uploads\/2019\/08\/48-300x200.png 300w, https:\/\/sincomavi.org.br\/wp-content\/uploads\/2019\/08\/48-768x512.png 768w, https:\/\/sincomavi.org.br\/wp-content\/uploads\/2019\/08\/48-630x420.png 630w, https:\/\/sincomavi.org.br\/wp-content\/uploads\/2019\/08\/48-640x427.png 640w, https:\/\/sincomavi.org.br\/wp-content\/uploads\/2019\/08\/48-681x454.png 681w, https:\/\/sincomavi.org.br\/wp-content\/uploads\/2019\/08\/48.png 1200w\" sizes=\"auto, (max-width: 1024px) 100vw, 1024px\" \/><\/figure>\n\n\n\n<p>O Sincomavi e o Sindicato dos Comerci\u00e1rios de S\u00e3o Paulo (SECSP) firmaram uma parceria para a capta\u00e7\u00e3o de profissionais, encaminhamento de candidatos e divulga\u00e7\u00e3o das vagas em aberto. Todo o processo \u00e9 gratuito \u2013 sem nenhum custo para as empresas ou trabalhadores.<\/p>\n\n\n\n<h3 class=\"wp-block-heading\">2020<\/h3>\n\n\n\n<figure class=\"wp-block-image size-large\"><img loading=\"lazy\" decoding=\"async\" width=\"1024\" height=\"682\" src=\"https:\/\/sincomavi.org.br\/wp-content\/uploads\/2021\/03\/coronavirus-corona-virus-outbreaking-2XN9CHX-1024x682.jpg\" alt=\"\" class=\"wp-image-5894\" srcset=\"https:\/\/sincomavi.org.br\/wp-content\/uploads\/2021\/03\/coronavirus-corona-virus-outbreaking-2XN9CHX-1024x682.jpg 1024w, https:\/\/sincomavi.org.br\/wp-content\/uploads\/2021\/03\/coronavirus-corona-virus-outbreaking-2XN9CHX-300x200.jpg 300w, https:\/\/sincomavi.org.br\/wp-content\/uploads\/2021\/03\/coronavirus-corona-virus-outbreaking-2XN9CHX-768x512.jpg 768w, https:\/\/sincomavi.org.br\/wp-content\/uploads\/2021\/03\/coronavirus-corona-virus-outbreaking-2XN9CHX-630x420.jpg 630w, https:\/\/sincomavi.org.br\/wp-content\/uploads\/2021\/03\/coronavirus-corona-virus-outbreaking-2XN9CHX-640x426.jpg 640w, https:\/\/sincomavi.org.br\/wp-content\/uploads\/2021\/03\/coronavirus-corona-virus-outbreaking-2XN9CHX-681x454.jpg 681w, https:\/\/sincomavi.org.br\/wp-content\/uploads\/2021\/03\/coronavirus-corona-virus-outbreaking-2XN9CHX.jpg 1498w\" sizes=\"auto, (max-width: 1024px) 100vw, 1024px\" \/><\/figure>\n\n\n\n<p>Sancionada em 06 de fevereiro a Lei da Quarentena, referente a pandemia do Covid-19.<\/p>\n\n\n\n<h3 class=\"wp-block-heading\">2020<\/h3>\n\n\n\n<figure class=\"wp-block-image size-thumbnail\"><img loading=\"lazy\" decoding=\"async\" width=\"150\" height=\"150\" src=\"https:\/\/sincomavi.org.br\/wp-content\/uploads\/2021\/10\/INSTAGRAM_AGENTEENTREGA-150x150.jpg\" alt=\"\" class=\"wp-image-7157\" srcset=\"https:\/\/sincomavi.org.br\/wp-content\/uploads\/2021\/10\/INSTAGRAM_AGENTEENTREGA-150x150.jpg 150w, https:\/\/sincomavi.org.br\/wp-content\/uploads\/2021\/10\/INSTAGRAM_AGENTEENTREGA-300x300.jpg 300w, https:\/\/sincomavi.org.br\/wp-content\/uploads\/2021\/10\/INSTAGRAM_AGENTEENTREGA-1024x1024.jpg 1024w, https:\/\/sincomavi.org.br\/wp-content\/uploads\/2021\/10\/INSTAGRAM_AGENTEENTREGA-768x768.jpg 768w, https:\/\/sincomavi.org.br\/wp-content\/uploads\/2021\/10\/INSTAGRAM_AGENTEENTREGA-420x420.jpg 420w, https:\/\/sincomavi.org.br\/wp-content\/uploads\/2021\/10\/INSTAGRAM_AGENTEENTREGA-640x640.jpg 640w, https:\/\/sincomavi.org.br\/wp-content\/uploads\/2021\/10\/INSTAGRAM_AGENTEENTREGA-681x681.jpg 681w, https:\/\/sincomavi.org.br\/wp-content\/uploads\/2021\/10\/INSTAGRAM_AGENTEENTREGA.jpg 1080w\" sizes=\"auto, (max-width: 150px) 100vw, 150px\" \/><\/figure>\n\n\n\n<p>Com a proibi\u00e7\u00e3o de atendimento presencial, o Sincomavi lan\u00e7a a campanha #AGenteEntrega, que contava inclusive com modelos de material de comunica\u00e7\u00e3o para os comerciantes.<\/p>\n\n\n\n<h3 class=\"wp-block-heading\">2020<\/h3>\n\n\n\n<figure class=\"wp-block-image size-medium\"><img loading=\"lazy\" decoding=\"async\" width=\"300\" height=\"169\" src=\"https:\/\/sincomavi.org.br\/wp-content\/uploads\/2021\/10\/protocolo_sincomavi-300x169.jpg\" alt=\"\" class=\"wp-image-7158\" srcset=\"https:\/\/sincomavi.org.br\/wp-content\/uploads\/2021\/10\/protocolo_sincomavi-300x169.jpg 300w, https:\/\/sincomavi.org.br\/wp-content\/uploads\/2021\/10\/protocolo_sincomavi-1024x576.jpg 1024w, https:\/\/sincomavi.org.br\/wp-content\/uploads\/2021\/10\/protocolo_sincomavi-768x432.jpg 768w, https:\/\/sincomavi.org.br\/wp-content\/uploads\/2021\/10\/protocolo_sincomavi-746x420.jpg 746w, https:\/\/sincomavi.org.br\/wp-content\/uploads\/2021\/10\/protocolo_sincomavi-640x360.jpg 640w, https:\/\/sincomavi.org.br\/wp-content\/uploads\/2021\/10\/protocolo_sincomavi-681x383.jpg 681w, https:\/\/sincomavi.org.br\/wp-content\/uploads\/2021\/10\/protocolo_sincomavi-1021x580.jpg 1021w, https:\/\/sincomavi.org.br\/wp-content\/uploads\/2021\/10\/protocolo_sincomavi.jpg 1400w\" sizes=\"auto, (max-width: 300px) 100vw, 300px\" \/><\/figure>\n\n\n\n<p>Sincomavi cria o Protocolo de Sa\u00fade e Higieniza\u00e7\u00e3o, se antecipando \u00e0s exig\u00eancias do governo estadual.<\/p>\n\n\n\n<h3 class=\"wp-block-heading\">2020<\/h3>\n\n\n\n<figure class=\"wp-block-image size-large\"><img loading=\"lazy\" decoding=\"async\" width=\"1024\" height=\"686\" src=\"https:\/\/sincomavi.org.br\/wp-content\/uploads\/2021\/10\/net_site-1024x686.jpg\" alt=\"\" class=\"wp-image-7159\" srcset=\"https:\/\/sincomavi.org.br\/wp-content\/uploads\/2021\/10\/net_site-1024x686.jpg 1024w, https:\/\/sincomavi.org.br\/wp-content\/uploads\/2021\/10\/net_site-300x201.jpg 300w, https:\/\/sincomavi.org.br\/wp-content\/uploads\/2021\/10\/net_site-768x515.jpg 768w, https:\/\/sincomavi.org.br\/wp-content\/uploads\/2021\/10\/net_site-627x420.jpg 627w, https:\/\/sincomavi.org.br\/wp-content\/uploads\/2021\/10\/net_site-537x360.jpg 537w, https:\/\/sincomavi.org.br\/wp-content\/uploads\/2021\/10\/net_site-640x429.jpg 640w, https:\/\/sincomavi.org.br\/wp-content\/uploads\/2021\/10\/net_site-681x456.jpg 681w, https:\/\/sincomavi.org.br\/wp-content\/uploads\/2021\/10\/net_site.jpg 1458w\" sizes=\"auto, (max-width: 1024px) 100vw, 1024px\" \/><\/figure>\n\n\n\n<p>Covid-19: entidade lan\u00e7a o hotsite Sincomavi.net, com geolocalizador de lojas, que tem como objetivo incentivar o com\u00e9rcio local.<br><strong>Conhe\u00e7a: <a href=\"http:\/\/www.sincomavi.net\" target=\"_blank\" rel=\"noreferrer noopener\">www.sincomavi.net<\/a><\/strong><\/p>\n\n\n\n<h3 class=\"wp-block-heading\">2020<\/h3>\n\n\n\n<figure class=\"wp-block-image size-full\"><img loading=\"lazy\" decoding=\"async\" width=\"600\" height=\"393\" src=\"https:\/\/sincomavi.org.br\/wp-content\/uploads\/2020\/08\/CARTAZES_MATERIAL.jpg\" alt=\"\" class=\"wp-image-4400\" srcset=\"https:\/\/sincomavi.org.br\/wp-content\/uploads\/2020\/08\/CARTAZES_MATERIAL.jpg 600w, https:\/\/sincomavi.org.br\/wp-content\/uploads\/2020\/08\/CARTAZES_MATERIAL-300x197.jpg 300w\" sizes=\"auto, (max-width: 600px) 100vw, 600px\" \/><\/figure>\n\n\n\n<p>De mar\u00e7o de 2020 a abril de 2021, o Sincomavi promove v\u00e1rias a\u00e7\u00f5es para apoiar as opera\u00e7\u00f5es dos comerciantes durante a pandemia: encontros com autoridades, negocia\u00e7\u00e3o de termos aditivos, novos conv\u00eanios e parcerias, conte\u00fado especial, placas e cartazes obrigat\u00f3rios, e novos programas de ensino a dist\u00e2ncia.<\/p>\n\n\n\n<h3 class=\"wp-block-heading\">2021<\/h3>\n\n\n\n<figure class=\"wp-block-image size-large\"><img loading=\"lazy\" decoding=\"async\" width=\"1024\" height=\"562\" src=\"https:\/\/sincomavi.org.br\/wp-content\/uploads\/2021\/09\/0_site_builder-woman-wearing-construction-uniform-safety-helmet-standing-ladder-with-smile-face-stretching-out-paint-can-isolated-pink-wall-1024x562.jpg\" alt=\"\" class=\"wp-image-6962\" srcset=\"https:\/\/sincomavi.org.br\/wp-content\/uploads\/2021\/09\/0_site_builder-woman-wearing-construction-uniform-safety-helmet-standing-ladder-with-smile-face-stretching-out-paint-can-isolated-pink-wall-1024x562.jpg 1024w, https:\/\/sincomavi.org.br\/wp-content\/uploads\/2021\/09\/0_site_builder-woman-wearing-construction-uniform-safety-helmet-standing-ladder-with-smile-face-stretching-out-paint-can-isolated-pink-wall-300x165.jpg 300w, https:\/\/sincomavi.org.br\/wp-content\/uploads\/2021\/09\/0_site_builder-woman-wearing-construction-uniform-safety-helmet-standing-ladder-with-smile-face-stretching-out-paint-can-isolated-pink-wall-768x422.jpg 768w, https:\/\/sincomavi.org.br\/wp-content\/uploads\/2021\/09\/0_site_builder-woman-wearing-construction-uniform-safety-helmet-standing-ladder-with-smile-face-stretching-out-paint-can-isolated-pink-wall-765x420.jpg 765w, https:\/\/sincomavi.org.br\/wp-content\/uploads\/2021\/09\/0_site_builder-woman-wearing-construction-uniform-safety-helmet-standing-ladder-with-smile-face-stretching-out-paint-can-isolated-pink-wall-640x350.jpg 640w, https:\/\/sincomavi.org.br\/wp-content\/uploads\/2021\/09\/0_site_builder-woman-wearing-construction-uniform-safety-helmet-standing-ladder-with-smile-face-stretching-out-paint-can-isolated-pink-wall-681x374.jpg 681w, https:\/\/sincomavi.org.br\/wp-content\/uploads\/2021\/09\/0_site_builder-woman-wearing-construction-uniform-safety-helmet-standing-ladder-with-smile-face-stretching-out-paint-can-isolated-pink-wall.jpg 1400w\" sizes=\"auto, (max-width: 1024px) 100vw, 1024px\" \/><\/figure>\n\n\n\n<p>Sincomavi e Prolata firmam parceria para a coleta gratuita de embalagens de a\u00e7o utilizadas principalmente no varejo de material de constru\u00e7\u00e3o e de tintas.<\/p>\n\n\n\n<h3 class=\"wp-block-heading\">2021<\/h3>\n\n\n\n<figure class=\"wp-block-image size-large\"><img loading=\"lazy\" decoding=\"async\" width=\"1024\" height=\"614\" src=\"https:\/\/sincomavi.org.br\/wp-content\/uploads\/2021\/09\/site_sincomavi_coletalegal-1024x614.jpg\" alt=\"\" class=\"wp-image-6984\" srcset=\"https:\/\/sincomavi.org.br\/wp-content\/uploads\/2021\/09\/site_sincomavi_coletalegal-1024x614.jpg 1024w, https:\/\/sincomavi.org.br\/wp-content\/uploads\/2021\/09\/site_sincomavi_coletalegal-300x180.jpg 300w, https:\/\/sincomavi.org.br\/wp-content\/uploads\/2021\/09\/site_sincomavi_coletalegal-768x461.jpg 768w, https:\/\/sincomavi.org.br\/wp-content\/uploads\/2021\/09\/site_sincomavi_coletalegal-1536x922.jpg 1536w, https:\/\/sincomavi.org.br\/wp-content\/uploads\/2021\/09\/site_sincomavi_coletalegal-2048x1229.jpg 2048w, https:\/\/sincomavi.org.br\/wp-content\/uploads\/2021\/09\/site_sincomavi_coletalegal-700x420.jpg 700w, https:\/\/sincomavi.org.br\/wp-content\/uploads\/2021\/09\/site_sincomavi_coletalegal-640x384.jpg 640w, https:\/\/sincomavi.org.br\/wp-content\/uploads\/2021\/09\/site_sincomavi_coletalegal-681x409.jpg 681w\" sizes=\"auto, (max-width: 1024px) 100vw, 1024px\" \/><\/figure>\n\n\n\n<p>PNRS: Sincomavi lan\u00e7a o hotsite Coleta Legal, que divulga ao p\u00fablico em geral os pontos de comunica\u00e7\u00e3o e de entrega volunt\u00e1ria de acordos setoriais e termos de compromisso firmados.<br><strong>Conhe\u00e7a: <a href=\"http:\/\/www.coletalegal.org.br\" target=\"_blank\" rel=\"noreferrer noopener\">www.coletalegal.org.br<\/a><\/strong><\/p>\n\n\n\n<h3 class=\"wp-block-heading\">2022<\/h3>\n\n\n\n<figure class=\"wp-block-image size-large\"><img loading=\"lazy\" decoding=\"async\" width=\"1024\" height=\"768\" src=\"https:\/\/sincomavi.org.br\/wp-content\/uploads\/2022\/10\/feicon2022-1024x768.jpg\" alt=\"\" class=\"wp-image-8966\" srcset=\"https:\/\/sincomavi.org.br\/wp-content\/uploads\/2022\/10\/feicon2022-1024x768.jpg 1024w, https:\/\/sincomavi.org.br\/wp-content\/uploads\/2022\/10\/feicon2022-300x225.jpg 300w, https:\/\/sincomavi.org.br\/wp-content\/uploads\/2022\/10\/feicon2022-768x576.jpg 768w, https:\/\/sincomavi.org.br\/wp-content\/uploads\/2022\/10\/feicon2022-560x420.jpg 560w, https:\/\/sincomavi.org.br\/wp-content\/uploads\/2022\/10\/feicon2022-80x60.jpg 80w, https:\/\/sincomavi.org.br\/wp-content\/uploads\/2022\/10\/feicon2022-100x75.jpg 100w, https:\/\/sincomavi.org.br\/wp-content\/uploads\/2022\/10\/feicon2022-180x135.jpg 180w, https:\/\/sincomavi.org.br\/wp-content\/uploads\/2022\/10\/feicon2022-238x178.jpg 238w, https:\/\/sincomavi.org.br\/wp-content\/uploads\/2022\/10\/feicon2022-265x198.jpg 265w, https:\/\/sincomavi.org.br\/wp-content\/uploads\/2022\/10\/feicon2022-640x480.jpg 640w, https:\/\/sincomavi.org.br\/wp-content\/uploads\/2022\/10\/feicon2022-681x511.jpg 681w, https:\/\/sincomavi.org.br\/wp-content\/uploads\/2022\/10\/feicon2022.jpg 1400w\" sizes=\"auto, (max-width: 1024px) 100vw, 1024px\" \/><\/figure>\n\n\n\n<p>Simp\u00f3sio Sincomavi retorna depois do intervalo for\u00e7ado em raz\u00e3o da pademia. O p\u00fablico presente foi de 156 pessoas &#8211; acima das estimativas iniciais.<\/p>\n\n\n\n<h3 class=\"wp-block-heading\">2022<\/h3>\n\n\n\n<figure class=\"wp-block-image size-large\"><img loading=\"lazy\" decoding=\"async\" width=\"1024\" height=\"492\" src=\"https:\/\/sincomavi.org.br\/wp-content\/uploads\/2022\/04\/LUIZ_HENRIQUE-1024x492.jpg\" alt=\"\" class=\"wp-image-7958\" srcset=\"https:\/\/sincomavi.org.br\/wp-content\/uploads\/2022\/04\/LUIZ_HENRIQUE-1024x492.jpg 1024w, https:\/\/sincomavi.org.br\/wp-content\/uploads\/2022\/04\/LUIZ_HENRIQUE-300x144.jpg 300w, https:\/\/sincomavi.org.br\/wp-content\/uploads\/2022\/04\/LUIZ_HENRIQUE-768x369.jpg 768w, https:\/\/sincomavi.org.br\/wp-content\/uploads\/2022\/04\/LUIZ_HENRIQUE-875x420.jpg 875w, https:\/\/sincomavi.org.br\/wp-content\/uploads\/2022\/04\/LUIZ_HENRIQUE-640x307.jpg 640w, https:\/\/sincomavi.org.br\/wp-content\/uploads\/2022\/04\/LUIZ_HENRIQUE-681x327.jpg 681w, https:\/\/sincomavi.org.br\/wp-content\/uploads\/2022\/04\/LUIZ_HENRIQUE.jpg 1400w\" sizes=\"auto, (max-width: 1024px) 100vw, 1024px\" \/><\/figure>\n\n\n\n<p>Sincomavi participa da campanha \u201cPintou, Sobrou, Levou\u201d, que buscou estudar e produzir um diagn\u00f3stico sobre o descarte adequado de todos os itens utilizados durante a pintura pelo consumidor, como embalagens, acess\u00f3rios e sobras de tintas. Trabalho prossegue no ano que vem.<\/p>\n\n\n\n<h3 class=\"wp-block-heading\">2022<\/h3>\n\n\n\n<figure class=\"wp-block-image size-large\"><img loading=\"lazy\" decoding=\"async\" width=\"1024\" height=\"1024\" src=\"https:\/\/sincomavi.org.br\/wp-content\/uploads\/2019\/08\/SEBRAE-SINCOMAVI-1024x1024.jpg\" alt=\"\" class=\"wp-image-8979\" srcset=\"https:\/\/sincomavi.org.br\/wp-content\/uploads\/2019\/08\/SEBRAE-SINCOMAVI-1024x1024.jpg 1024w, https:\/\/sincomavi.org.br\/wp-content\/uploads\/2019\/08\/SEBRAE-SINCOMAVI-300x300.jpg 300w, https:\/\/sincomavi.org.br\/wp-content\/uploads\/2019\/08\/SEBRAE-SINCOMAVI-150x150.jpg 150w, https:\/\/sincomavi.org.br\/wp-content\/uploads\/2019\/08\/SEBRAE-SINCOMAVI-768x768.jpg 768w, https:\/\/sincomavi.org.br\/wp-content\/uploads\/2019\/08\/SEBRAE-SINCOMAVI-420x420.jpg 420w, https:\/\/sincomavi.org.br\/wp-content\/uploads\/2019\/08\/SEBRAE-SINCOMAVI-640x640.jpg 640w, https:\/\/sincomavi.org.br\/wp-content\/uploads\/2019\/08\/SEBRAE-SINCOMAVI-681x681.jpg 681w, https:\/\/sincomavi.org.br\/wp-content\/uploads\/2019\/08\/SEBRAE-SINCOMAVI.jpg 1080w\" sizes=\"auto, (max-width: 1024px) 100vw, 1024px\" \/><\/figure>\n\n\n\n<p>O Sincomavi e o Sebrae-SP firmaram um acordo para oferecer um programa de mentoria e consultoria gratuita aos comerciantes do segmento localizados na Regi\u00e3o Metropolitana de S\u00e3o Paulo (RMSP). A iniciativa tinha como objetivo aprimorar os processos gerenciais e produtivos das micro e pequenas empresas.<\/p>\n\n\n\n<h3 class=\"wp-block-heading\">2022<\/h3>\n\n\n\n<figure class=\"wp-block-image size-large\"><img loading=\"lazy\" decoding=\"async\" width=\"1024\" height=\"682\" src=\"https:\/\/sincomavi.org.br\/wp-content\/uploads\/2022\/07\/0_CBMC-1024x682.jpg\" alt=\"\" class=\"wp-image-8467\" srcset=\"https:\/\/sincomavi.org.br\/wp-content\/uploads\/2022\/07\/0_CBMC-1024x682.jpg 1024w, https:\/\/sincomavi.org.br\/wp-content\/uploads\/2022\/07\/0_CBMC-300x200.jpg 300w, https:\/\/sincomavi.org.br\/wp-content\/uploads\/2022\/07\/0_CBMC-768x512.jpg 768w, https:\/\/sincomavi.org.br\/wp-content\/uploads\/2022\/07\/0_CBMC-630x420.jpg 630w, https:\/\/sincomavi.org.br\/wp-content\/uploads\/2022\/07\/0_CBMC-640x427.jpg 640w, https:\/\/sincomavi.org.br\/wp-content\/uploads\/2022\/07\/0_CBMC-681x454.jpg 681w, https:\/\/sincomavi.org.br\/wp-content\/uploads\/2022\/07\/0_CBMC.jpg 1400w\" sizes=\"auto, (max-width: 1024px) 100vw, 1024px\" \/><figcaption class=\"wp-element-caption\">Foto: Divulga\u00e7\u00e3o CNC<\/figcaption><\/figure>\n\n\n\n<p>Sincomavi leva para a C\u00e2mara Brasileira de Material de Constru\u00e7\u00e3o (CBMC), da Confedera\u00e7\u00e3o Nacional do Com\u00e9rcio de Bens, Servi\u00e7os e Turismo (CNC), os problemas da venda direta e da concorr\u00eancia desleal.<\/p>\n\n\n\n<h3 class=\"wp-block-heading\">2022<\/h3>\n\n\n\n<figure class=\"wp-block-image size-full\"><img loading=\"lazy\" decoding=\"async\" width=\"492\" height=\"573\" src=\"https:\/\/sincomavi.org.br\/wp-content\/uploads\/2019\/08\/abiplast.jpg\" alt=\"\" class=\"wp-image-8982\" srcset=\"https:\/\/sincomavi.org.br\/wp-content\/uploads\/2019\/08\/abiplast.jpg 492w, https:\/\/sincomavi.org.br\/wp-content\/uploads\/2019\/08\/abiplast-258x300.jpg 258w, https:\/\/sincomavi.org.br\/wp-content\/uploads\/2019\/08\/abiplast-361x420.jpg 361w, https:\/\/sincomavi.org.br\/wp-content\/uploads\/2019\/08\/abiplast-300x350.jpg 300w\" sizes=\"auto, (max-width: 492px) 100vw, 492px\" \/><\/figure>\n\n\n\n<p>Sincomavi firma parceria com a Associa\u00e7\u00e3o Brasileira da Ind\u00fastria de Pl\u00e1stico (Abiplast) para a destina\u00e7\u00e3o ambientalmente adequada de baldes pl\u00e1sticos de tintas e suas tampas p\u00f3s-consumo. <\/p>\n\n\n\n<h3 class=\"wp-block-heading\">2023<\/h3>\n\n\n\n<figure class=\"wp-block-image size-large\"><img loading=\"lazy\" decoding=\"async\" width=\"1024\" height=\"640\" src=\"https:\/\/sincomavi.org.br\/wp-content\/uploads\/2024\/10\/MANUALDOCONTRIBUINTE-LINHA-1024x640.jpg\" alt=\"\" class=\"wp-image-12592\" srcset=\"https:\/\/sincomavi.org.br\/wp-content\/uploads\/2024\/10\/MANUALDOCONTRIBUINTE-LINHA-1024x640.jpg 1024w, https:\/\/sincomavi.org.br\/wp-content\/uploads\/2024\/10\/MANUALDOCONTRIBUINTE-LINHA-300x188.jpg 300w, https:\/\/sincomavi.org.br\/wp-content\/uploads\/2024\/10\/MANUALDOCONTRIBUINTE-LINHA-768x480.jpg 768w, https:\/\/sincomavi.org.br\/wp-content\/uploads\/2024\/10\/MANUALDOCONTRIBUINTE-LINHA-1536x960.jpg 1536w, https:\/\/sincomavi.org.br\/wp-content\/uploads\/2024\/10\/MANUALDOCONTRIBUINTE-LINHA-672x420.jpg 672w, https:\/\/sincomavi.org.br\/wp-content\/uploads\/2024\/10\/MANUALDOCONTRIBUINTE-LINHA-640x400.jpg 640w, https:\/\/sincomavi.org.br\/wp-content\/uploads\/2024\/10\/MANUALDOCONTRIBUINTE-LINHA-681x426.jpg 681w, https:\/\/sincomavi.org.br\/wp-content\/uploads\/2024\/10\/MANUALDOCONTRIBUINTE-LINHA.jpg 1600w\" sizes=\"auto, (max-width: 1024px) 100vw, 1024px\" \/><\/figure>\n\n\n\n<p>Lan\u00e7ado o Manual do Contribuinte<\/p>\n\n\n\n<h3 class=\"wp-block-heading\">2024<\/h3>\n\n\n\n<figure class=\"wp-block-image size-large\"><img loading=\"lazy\" decoding=\"async\" width=\"1024\" height=\"474\" src=\"https:\/\/sincomavi.org.br\/wp-content\/uploads\/2019\/08\/FEICON2024-1024x474.jpg\" alt=\"\" class=\"wp-image-12588\" srcset=\"https:\/\/sincomavi.org.br\/wp-content\/uploads\/2019\/08\/FEICON2024-1024x474.jpg 1024w, https:\/\/sincomavi.org.br\/wp-content\/uploads\/2019\/08\/FEICON2024-300x139.jpg 300w, https:\/\/sincomavi.org.br\/wp-content\/uploads\/2019\/08\/FEICON2024-768x355.jpg 768w, https:\/\/sincomavi.org.br\/wp-content\/uploads\/2019\/08\/FEICON2024-1536x711.jpg 1536w, https:\/\/sincomavi.org.br\/wp-content\/uploads\/2019\/08\/FEICON2024-908x420.jpg 908w, https:\/\/sincomavi.org.br\/wp-content\/uploads\/2019\/08\/FEICON2024-640x296.jpg 640w, https:\/\/sincomavi.org.br\/wp-content\/uploads\/2019\/08\/FEICON2024-681x315.jpg 681w, https:\/\/sincomavi.org.br\/wp-content\/uploads\/2019\/08\/FEICON2024.jpg 1632w\" sizes=\"auto, (max-width: 1024px) 100vw, 1024px\" \/><\/figure>\n\n\n\n<p>18\u00aa Edi\u00e7\u00e3o do Simp\u00f3sio Sincomavi<\/p>\n\n\n\n<h3 class=\"wp-block-heading\">2024<\/h3>\n\n\n\n<figure class=\"wp-block-image size-large\"><img loading=\"lazy\" decoding=\"async\" width=\"1024\" height=\"640\" src=\"https:\/\/sincomavi.org.br\/wp-content\/uploads\/2024\/10\/RELATORIOECONOMICO-1024x640.jpg\" alt=\"\" class=\"wp-image-12593\" srcset=\"https:\/\/sincomavi.org.br\/wp-content\/uploads\/2024\/10\/RELATORIOECONOMICO-1024x640.jpg 1024w, https:\/\/sincomavi.org.br\/wp-content\/uploads\/2024\/10\/RELATORIOECONOMICO-300x188.jpg 300w, https:\/\/sincomavi.org.br\/wp-content\/uploads\/2024\/10\/RELATORIOECONOMICO-768x480.jpg 768w, https:\/\/sincomavi.org.br\/wp-content\/uploads\/2024\/10\/RELATORIOECONOMICO-1536x960.jpg 1536w, https:\/\/sincomavi.org.br\/wp-content\/uploads\/2024\/10\/RELATORIOECONOMICO-672x420.jpg 672w, https:\/\/sincomavi.org.br\/wp-content\/uploads\/2024\/10\/RELATORIOECONOMICO-640x400.jpg 640w, https:\/\/sincomavi.org.br\/wp-content\/uploads\/2024\/10\/RELATORIOECONOMICO-681x426.jpg 681w, https:\/\/sincomavi.org.br\/wp-content\/uploads\/2024\/10\/RELATORIOECONOMICO.jpg 1600w\" sizes=\"auto, (max-width: 1024px) 100vw, 1024px\" \/><\/figure>\n\n\n\n<p>Lan\u00e7ado o Relat\u00f3rio Econ\u00f4mico mensal<\/p>\n","protected":false},"excerpt":{"rendered":"<p>Conhe\u00e7a as principais passagens da hist\u00f3ria do Sincomavi. 1934 1938 O sindicato participa da Assembleia de funda\u00e7\u00e3o da Federa\u00e7\u00e3o Commercial do Estado de S\u00e3o Paulo. 1939 1941 A entidade passa a representar as categorias econ\u00f4micas do Com\u00e9rcio Varejista de Maquinismos, Ferragens e Tintas de S\u00e3o Paulo. 1944 O Sincomavi, em conjunto com a Federa\u00e7\u00e3o, prop\u00f5e [&hellip;]<\/p>\n","protected":false},"author":1,"featured_media":1058,"comment_status":"closed","ping_status":"open","sticky":false,"template":"","format":"standard","meta":{"tdm_status":"","tdm_grid_status":"","footnotes":""},"categories":[19],"tags":[],"class_list":["post-1027","post","type-post","status-publish","format-standard","has-post-thumbnail","hentry","category-institucional"],"amp_enabled":true,"_links":{"self":[{"href":"https:\/\/sincomavi.org.br\/index.php?rest_route=\/wp\/v2\/posts\/1027","targetHints":{"allow":["GET"]}}],"collection":[{"href":"https:\/\/sincomavi.org.br\/index.php?rest_route=\/wp\/v2\/posts"}],"about":[{"href":"https:\/\/sincomavi.org.br\/index.php?rest_route=\/wp\/v2\/types\/post"}],"author":[{"embeddable":true,"href":"https:\/\/sincomavi.org.br\/index.php?rest_route=\/wp\/v2\/users\/1"}],"replies":[{"embeddable":true,"href":"https:\/\/sincomavi.org.br\/index.php?rest_route=%2Fwp%2Fv2%2Fcomments&post=1027"}],"version-history":[{"count":61,"href":"https:\/\/sincomavi.org.br\/index.php?rest_route=\/wp\/v2\/posts\/1027\/revisions"}],"predecessor-version":[{"id":12594,"href":"https:\/\/sincomavi.org.br\/index.php?rest_route=\/wp\/v2\/posts\/1027\/revisions\/12594"}],"wp:featuredmedia":[{"embeddable":true,"href":"https:\/\/sincomavi.org.br\/index.php?rest_route=\/wp\/v2\/media\/1058"}],"wp:attachment":[{"href":"https:\/\/sincomavi.org.br\/index.php?rest_route=%2Fwp%2Fv2%2Fmedia&parent=1027"}],"wp:term":[{"taxonomy":"category","embeddable":true,"href":"https:\/\/sincomavi.org.br\/index.php?rest_route=%2Fwp%2Fv2%2Fcategories&post=1027"},{"taxonomy":"post_tag","embeddable":true,"href":"https:\/\/sincomavi.org.br\/index.php?rest_route=%2Fwp%2Fv2%2Ftags&post=1027"}],"curies":[{"name":"wp","href":"https:\/\/api.w.org\/{rel}","templated":true}]}}