{"id":10200,"date":"2023-04-01T14:34:00","date_gmt":"2023-04-01T17:34:00","guid":{"rendered":"https:\/\/sincomavi.org.br\/?p=10200"},"modified":"2023-08-10T14:13:55","modified_gmt":"2023-08-10T17:13:55","slug":"pequenos-servicos-movimentam-a-economia-mas-serao-os-mais-prejudicados-pela-reforma-tributaria","status":"publish","type":"post","link":"https:\/\/sincomavi.org.br\/?p=10200","title":{"rendered":"Pequenos servi\u00e7os movimentam a economia, mas ser\u00e3o os mais prejudicados pela Reforma Tribut\u00e1ria"},"content":{"rendered":"<style>.wp-block-kadence-spacer.kt-block-spacer-_c9572e-1c .kt-block-spacer{height:60px;}.wp-block-kadence-spacer.kt-block-spacer-_c9572e-1c .kt-divider{border-top-width:1px;height:1px;border-top-color:#eee;width:80%;border-top-style:solid;}<\/style>\n<div class=\"wp-block-kadence-spacer aligncenter kt-block-spacer-_c9572e-1c\"><div class=\"kt-block-spacer kt-block-spacer-halign-center\"><hr class=\"kt-divider\"\/><\/div><\/div>\n\n\n\n<p>Na contram\u00e3o do que o governo tem difundido, o setor de servi\u00e7os n\u00e3o est\u00e1 amplamente contemplado com al\u00edquotas diferenciadas na proposta de Reforma Tribut\u00e1ria. O texto atual traz preju\u00edzos para o setor que mais emprega no Brasil, representando a maior fatia do Produto Interno Bruto (PIB) nacional.<\/p>\n\n\n\n<p>Mesmo que o relator da proposta no Congresso tenha afirmado que n\u00e3o haver\u00e1 aumento da carga tribut\u00e1ria, n\u00e3o \u00e9 a percep\u00e7\u00e3o que alguns setores t\u00eam na pr\u00e1tica. Quando se falava em IVA Nacional, cuja proje\u00e7\u00e3o da al\u00edquota deve ficar em torno de 25%, facilmente se percebe grande aumento para o setor de servi\u00e7o tributado no lucro presumido \u2014 que, hoje, conta com al\u00edquota de 8,65% (5% de ISS e 3,65% de PIS\/Cofins). Em outras palavras, de um jeito ou de outro, servi\u00e7os importantes lidar\u00e3o com aumento da carga tribut\u00e1ria.<\/p>\n\n\n\n<p>S\u00e3o os pequenos neg\u00f3cios espalhados pelo Pa\u00eds que pagar\u00e3o essa conta imensa: sal\u00f5es de beleza; garagens; empresas de loca\u00e7\u00e3o de carros, im\u00f3veis e m\u00e1quinas; despachantes; fomento mercantil; lavanderias; autoescolas; armaz\u00e9ns e movimenta\u00e7\u00e3o de mercadorias; e representa\u00e7\u00e3o comercial, al\u00e9m dos neg\u00f3cios que prestam servi\u00e7os de hospitalidade, manuten\u00e7\u00e3o, sistemas de seguran\u00e7a, eventos, refei\u00e7\u00e3o-conv\u00eanio etc. Servi\u00e7os esses que, apesar de estarem na ponta dessa cadeia produtiva, ser\u00e3o (de maneira injusta) os mais onerados. A Federa\u00e7\u00e3o do Com\u00e9rcio de Bens, Servi\u00e7os e Turismo do Estado de S\u00e3o Paulo (FecomercioSP) defende uma Reforma Tribut\u00e1ria que simplifique o sistema e que n\u00e3o onere a carga setorial, principalmente que n\u00e3o onere um setor em detrimento de outro.<\/p>\n\n\n\n<p>Outro ponto negativo, \u00e9 a cria\u00e7\u00e3o de um \u00f3rg\u00e3o respons\u00e1vel por administrar a arrecada\u00e7\u00e3o Estadual e municipal, sem a respectiva representa\u00e7\u00e3o dos munic\u00edpios, seria evidente afronta \u00e0 Constitui\u00e7\u00e3o Federal, j\u00e1 que o sistema federativo est\u00e1 inserido como cl\u00e1usula p\u00e9trea na Carta Magna, e em afronta \u00e0 autonomia dos Estados e munic\u00edpios que deixariam de ser financeiramente independentes.<\/p>\n\n\n\n<p><strong>O que a Reforma Tribut\u00e1ria precisa contemplar?<\/strong><\/p>\n\n\n\n<p>O Sincomavi <a><\/a>e a FecomercioSP, da qual \u00e9 filiado, defendem uma Reforma Tribut\u00e1ria que simplifique o sistema e que n\u00e3o onere a carga setorial, principalmente que n\u00e3o onere um setor em detrimento de outro.<\/p>\n\n\n\n<p>A reforma que os setores produtivos anseiam precisa contemplar:<\/p>\n\n\n\n<p>i) redu\u00e7\u00e3o da carga tribut\u00e1ria setorial ou que se mantenha a atual, j\u00e1 que a carga nacional j\u00e1 \u00e9 elevad\u00edssima;<\/p>\n\n\n\n<p>ii) simplifica\u00e7\u00e3o do sistema tribut\u00e1rio, com a ado\u00e7\u00e3o de legisla\u00e7\u00e3o nacional do ICMS e do ISS, com tributa\u00e7\u00e3o no destino e cadastro e nota fiscal unificados, al\u00e9m de elimina\u00e7\u00e3o de obriga\u00e7\u00f5es acess\u00f3rias em duplicidade e extin\u00e7\u00e3o das multas abusivas e desproporcionais;<\/p>\n\n\n\n<p>iii) que sejam mantidos os conceitos tribut\u00e1rios j\u00e1 adotados e que levaram d\u00e9cadas para se consolidarem pela jurisprud\u00eancia.<\/p>\n\n\n\n<p>A mobiliza\u00e7\u00e3o para que isso n\u00e3o avance tamb\u00e9m precisa da sua empresa! Compartilhe essa mat\u00e9ria!<\/p>\n\n\n<style>.wp-block-kadence-spacer.kt-block-spacer-_e1c734-5e .kt-block-spacer{height:60px;}.wp-block-kadence-spacer.kt-block-spacer-_e1c734-5e .kt-divider{border-top-width:1px;height:1px;border-top-color:#eee;width:80%;border-top-style:solid;}<\/style>\n<div class=\"wp-block-kadence-spacer aligncenter kt-block-spacer-_e1c734-5e\"><div class=\"kt-block-spacer kt-block-spacer-halign-center\"><hr class=\"kt-divider\"\/><\/div><\/div>\n","protected":false},"excerpt":{"rendered":"<p>Na contram\u00e3o do que o governo tem difundido, o setor de servi\u00e7os n\u00e3o est\u00e1 amplamente contemplado com al\u00edquotas diferenciadas na proposta de Reforma Tribut\u00e1ria. O texto atual traz preju\u00edzos para o setor que mais emprega no Brasil, representando a maior fatia do Produto Interno Bruto (PIB) nacional. Mesmo que o relator da proposta no Congresso [&hellip;]<\/p>\n","protected":false},"author":1,"featured_media":10203,"comment_status":"closed","ping_status":"open","sticky":false,"template":"","format":"standard","meta":{"tdm_status":"","tdm_grid_status":"","footnotes":""},"categories":[157],"tags":[284],"class_list":["post-10200","post","type-post","status-publish","format-standard","has-post-thumbnail","hentry","category-alerta","tag-reforma-tributaria"],"amp_enabled":true,"_links":{"self":[{"href":"https:\/\/sincomavi.org.br\/index.php?rest_route=\/wp\/v2\/posts\/10200","targetHints":{"allow":["GET"]}}],"collection":[{"href":"https:\/\/sincomavi.org.br\/index.php?rest_route=\/wp\/v2\/posts"}],"about":[{"href":"https:\/\/sincomavi.org.br\/index.php?rest_route=\/wp\/v2\/types\/post"}],"author":[{"embeddable":true,"href":"https:\/\/sincomavi.org.br\/index.php?rest_route=\/wp\/v2\/users\/1"}],"replies":[{"embeddable":true,"href":"https:\/\/sincomavi.org.br\/index.php?rest_route=%2Fwp%2Fv2%2Fcomments&post=10200"}],"version-history":[{"count":1,"href":"https:\/\/sincomavi.org.br\/index.php?rest_route=\/wp\/v2\/posts\/10200\/revisions"}],"predecessor-version":[{"id":10202,"href":"https:\/\/sincomavi.org.br\/index.php?rest_route=\/wp\/v2\/posts\/10200\/revisions\/10202"}],"wp:featuredmedia":[{"embeddable":true,"href":"https:\/\/sincomavi.org.br\/index.php?rest_route=\/wp\/v2\/media\/10203"}],"wp:attachment":[{"href":"https:\/\/sincomavi.org.br\/index.php?rest_route=%2Fwp%2Fv2%2Fmedia&parent=10200"}],"wp:term":[{"taxonomy":"category","embeddable":true,"href":"https:\/\/sincomavi.org.br\/index.php?rest_route=%2Fwp%2Fv2%2Fcategories&post=10200"},{"taxonomy":"post_tag","embeddable":true,"href":"https:\/\/sincomavi.org.br\/index.php?rest_route=%2Fwp%2Fv2%2Ftags&post=10200"}],"curies":[{"name":"wp","href":"https:\/\/api.w.org\/{rel}","templated":true}]}}