{"id":10193,"date":"2023-07-03T10:00:00","date_gmt":"2023-07-03T13:00:00","guid":{"rendered":"https:\/\/sincomavi.org.br\/?p=10193"},"modified":"2023-07-03T08:43:13","modified_gmt":"2023-07-03T11:43:13","slug":"alta-da-demanda-por-credito-em-maio","status":"publish","type":"post","link":"https:\/\/sincomavi.org.br\/?p=10193","title":{"rendered":"Alta da demanda por cr\u00e9dito em maio"},"content":{"rendered":"<style>.wp-block-kadence-spacer.kt-block-spacer-_d5f3ce-dc .kt-block-spacer{height:60px;}.wp-block-kadence-spacer.kt-block-spacer-_d5f3ce-dc .kt-divider{border-top-width:1px;height:1px;border-top-color:#eee;width:80%;border-top-style:solid;}<\/style>\n<div class=\"wp-block-kadence-spacer aligncenter kt-block-spacer-_d5f3ce-dc\"><div class=\"kt-block-spacer kt-block-spacer-halign-center\"><hr class=\"kt-divider\"\/><\/div><\/div>\n\n\n\n<p>O indicador da\u00a0Boa Vista\u00a0de Demanda por Cr\u00e9dito do Consumidor contou em maio com um aumento de 0,8% em compara\u00e7\u00e3o ao m\u00eas anterior (dados dessazonalizados). O trimestre m\u00f3vel tamb\u00e9m se encerrou com eleva\u00e7\u00e3o de 0,5% em compara\u00e7\u00e3o ao per\u00edodo imediatamente anterior.<\/p>\n\n\n\n<figure class=\"wp-block-image size-full\"><img loading=\"lazy\" decoding=\"async\" width=\"500\" height=\"267\" src=\"https:\/\/sincomavi.org.br\/wp-content\/uploads\/2023\/07\/image.png\" alt=\"\" class=\"wp-image-10194\" srcset=\"https:\/\/sincomavi.org.br\/wp-content\/uploads\/2023\/07\/image.png 500w, https:\/\/sincomavi.org.br\/wp-content\/uploads\/2023\/07\/image-300x160.png 300w\" sizes=\"auto, (max-width: 500px) 100vw, 500px\" \/><figcaption>Fonte: Boa Vista<\/figcaption><\/figure>\n\n\n\n<p>O economista Fl\u00e1vio Calife comenta que a tend\u00eancia de crescimento desacelerado do indicador deu uma pausa, mas \u00e9 importante destacar que as aberturas est\u00e3o em momentos diferentes. \u201cNo segmento \u2018Financeiro\u2019 a desacelera\u00e7\u00e3o continua, mas pode ser que tamb\u00e9m encontre um ponto de inflex\u00e3o ao longo do ano dependendo de como as institui\u00e7\u00f5es financeiras v\u00e3o se comportar\u201d, explica. E complementa: \u201cJ\u00e1 no segmento \u2018N\u00e3o Financeiro\u2019 a revers\u00e3o da tend\u00eancia \u00e9 positiva, mesmo que ele ainda aponte retra\u00e7\u00e3o, porque esse foi um segmento que sentiu demais o impacto da pandemia, da infla\u00e7\u00e3o sobre a renda, do aumento dos juros e do comprometimento da renda\u201d. Fl\u00e1vio acredita que depois de tr\u00eas quedas anuais consecutivas, parece ter chegado a hora de deixar tal quadro para tr\u00e1s e voltar a crescer, talvez n\u00e3o necessariamente neste ano, o que tamb\u00e9m n\u00e3o seria uma surpresa, mas no pr\u00f3ximo.<\/p>\n\n\n\n<figure class=\"wp-block-image size-full\"><img loading=\"lazy\" decoding=\"async\" width=\"500\" height=\"131\" src=\"https:\/\/sincomavi.org.br\/wp-content\/uploads\/2023\/07\/image-1.png\" alt=\"\" class=\"wp-image-10195\" srcset=\"https:\/\/sincomavi.org.br\/wp-content\/uploads\/2023\/07\/image-1.png 500w, https:\/\/sincomavi.org.br\/wp-content\/uploads\/2023\/07\/image-1-300x79.png 300w\" sizes=\"auto, (max-width: 500px) 100vw, 500px\" \/><\/figure>\n\n\n<style>.wp-block-kadence-spacer.kt-block-spacer-_08c325-b0 .kt-block-spacer{height:60px;}.wp-block-kadence-spacer.kt-block-spacer-_08c325-b0 .kt-divider{border-top-width:1px;height:1px;border-top-color:#eee;width:80%;border-top-style:solid;}<\/style>\n<div class=\"wp-block-kadence-spacer aligncenter kt-block-spacer-_08c325-b0\"><div class=\"kt-block-spacer kt-block-spacer-halign-center\"><hr class=\"kt-divider\"\/><\/div><\/div>\n","protected":false},"excerpt":{"rendered":"<p>O indicador da\u00a0Boa Vista\u00a0de Demanda por Cr\u00e9dito do Consumidor contou em maio com um aumento de 0,8% em compara\u00e7\u00e3o ao m\u00eas anterior (dados dessazonalizados). O trimestre m\u00f3vel tamb\u00e9m se encerrou com eleva\u00e7\u00e3o de 0,5% em compara\u00e7\u00e3o ao per\u00edodo imediatamente anterior. O economista Fl\u00e1vio Calife comenta que a tend\u00eancia de crescimento desacelerado do indicador deu uma [&hellip;]<\/p>\n","protected":false},"author":1,"featured_media":10196,"comment_status":"closed","ping_status":"open","sticky":false,"template":"","format":"standard","meta":{"tdm_status":"","tdm_grid_status":"","footnotes":""},"categories":[153],"tags":[199,661,250,156,620,160,654,200],"class_list":["post-10193","post","type-post","status-publish","format-standard","has-post-thumbnail","hentry","category-noticias","tag-comercio","tag-compras","tag-credito","tag-economia","tag-levantamento","tag-pesquisa","tag-sondagem","tag-varejo"],"amp_enabled":true,"_links":{"self":[{"href":"https:\/\/sincomavi.org.br\/index.php?rest_route=\/wp\/v2\/posts\/10193","targetHints":{"allow":["GET"]}}],"collection":[{"href":"https:\/\/sincomavi.org.br\/index.php?rest_route=\/wp\/v2\/posts"}],"about":[{"href":"https:\/\/sincomavi.org.br\/index.php?rest_route=\/wp\/v2\/types\/post"}],"author":[{"embeddable":true,"href":"https:\/\/sincomavi.org.br\/index.php?rest_route=\/wp\/v2\/users\/1"}],"replies":[{"embeddable":true,"href":"https:\/\/sincomavi.org.br\/index.php?rest_route=%2Fwp%2Fv2%2Fcomments&post=10193"}],"version-history":[{"count":1,"href":"https:\/\/sincomavi.org.br\/index.php?rest_route=\/wp\/v2\/posts\/10193\/revisions"}],"predecessor-version":[{"id":10197,"href":"https:\/\/sincomavi.org.br\/index.php?rest_route=\/wp\/v2\/posts\/10193\/revisions\/10197"}],"wp:featuredmedia":[{"embeddable":true,"href":"https:\/\/sincomavi.org.br\/index.php?rest_route=\/wp\/v2\/media\/10196"}],"wp:attachment":[{"href":"https:\/\/sincomavi.org.br\/index.php?rest_route=%2Fwp%2Fv2%2Fmedia&parent=10193"}],"wp:term":[{"taxonomy":"category","embeddable":true,"href":"https:\/\/sincomavi.org.br\/index.php?rest_route=%2Fwp%2Fv2%2Fcategories&post=10193"},{"taxonomy":"post_tag","embeddable":true,"href":"https:\/\/sincomavi.org.br\/index.php?rest_route=%2Fwp%2Fv2%2Ftags&post=10193"}],"curies":[{"name":"wp","href":"https:\/\/api.w.org\/{rel}","templated":true}]}}