{"id":10166,"date":"2023-06-26T13:40:22","date_gmt":"2023-06-26T16:40:22","guid":{"rendered":"https:\/\/sincomavi.org.br\/?p=10166"},"modified":"2023-06-26T13:40:23","modified_gmt":"2023-06-26T16:40:23","slug":"elevacao-de-41-pontos-na-confianca-dos-consumidores-em-junho","status":"publish","type":"post","link":"https:\/\/sincomavi.org.br\/?p=10166","title":{"rendered":"Eleva\u00e7\u00e3o de 4,1 pontos na confian\u00e7a dos consumidores em junho"},"content":{"rendered":"<style>.wp-block-kadence-spacer.kt-block-spacer-_33bcbd-a9 .kt-block-spacer{height:60px;}.wp-block-kadence-spacer.kt-block-spacer-_33bcbd-a9 .kt-divider{border-top-width:1px;height:1px;border-top-color:#eee;width:80%;border-top-style:solid;}<\/style>\n<div class=\"wp-block-kadence-spacer aligncenter kt-block-spacer-_33bcbd-a9\"><div class=\"kt-block-spacer kt-block-spacer-halign-center\"><hr class=\"kt-divider\"\/><\/div><\/div>\n\n\n\n<p>O&nbsp;\u00cdndice de Confian\u00e7a do Consumidor (ICC), medido pelo&nbsp;Instituto Brasileiro de Economia (FGV IBRE), registrou uma alta de 4,1 pontos em junho e atingiu os 92,3 pontos &#8211; o maior patamar alcan\u00e7ado desde fevereiro de 2019 (94,5 pontos). Em m\u00e9dias m\u00f3veis trimestrais, o indicador contou com aumento de 1,8 ponto, o que representou a terceira alta consecutiva.<\/p>\n\n\n\n<p>A economista Anna Carolina Gouveia comenta que, em junho, a recupera\u00e7\u00e3o da confian\u00e7a do consumidor foi motivada tanto pela melhora da percep\u00e7\u00e3o sobre a situa\u00e7\u00e3o corrente quanto das expectativas para os pr\u00f3ximos meses, al\u00e9m de ter sido disseminada entre todas as faixas de renda da pesquisa. \u201cA inten\u00e7\u00e3o de consumo de bens dur\u00e1veis para os pr\u00f3ximos meses foi o principal impulsionador do resultado no m\u00eas, sugerindo uma redu\u00e7\u00e3o do pessimismo na inten\u00e7\u00e3o de gastos, frente ao al\u00edvio da infla\u00e7\u00e3o e a expectativa de queda dos juros no futuro\u201d, ressalta. Segundo ela, apesar de parte dos indicadores alcan\u00e7arem os melhores resultados dos anos recentes, ainda \u00e9 cedo para confirmar uma melhora sustentada da confian\u00e7a dos consumidores, principalmente porque a situa\u00e7\u00e3o financeira das fam\u00edlias ainda registra n\u00edvel bastante insatisfat\u00f3rio, sendo um dos principais problemas do consumidor o alto endividamento.<\/p>\n\n\n<style>.wp-block-kadence-spacer.kt-block-spacer-_35e3a4-97 .kt-block-spacer{height:60px;}.wp-block-kadence-spacer.kt-block-spacer-_35e3a4-97 .kt-divider{border-top-width:1px;height:1px;border-top-color:#eee;width:80%;border-top-style:solid;}<\/style>\n<div class=\"wp-block-kadence-spacer aligncenter kt-block-spacer-_35e3a4-97\"><div class=\"kt-block-spacer kt-block-spacer-halign-center\"><hr class=\"kt-divider\"\/><\/div><\/div>\n","protected":false},"excerpt":{"rendered":"<p>O&nbsp;\u00cdndice de Confian\u00e7a do Consumidor (ICC), medido pelo&nbsp;Instituto Brasileiro de Economia (FGV IBRE), registrou uma alta de 4,1 pontos em junho e atingiu os 92,3 pontos &#8211; o maior patamar alcan\u00e7ado desde fevereiro de 2019 (94,5 pontos). Em m\u00e9dias m\u00f3veis trimestrais, o indicador contou com aumento de 1,8 ponto, o que representou a terceira alta [&hellip;]<\/p>\n","protected":false},"author":1,"featured_media":10167,"comment_status":"closed","ping_status":"open","sticky":false,"template":"","format":"standard","meta":{"tdm_status":"","tdm_grid_status":"","footnotes":""},"categories":[153],"tags":[199,204,225,632,754,1008,620,564,160,654,200,75],"class_list":["post-10166","post","type-post","status-publish","format-standard","has-post-thumbnail","hentry","category-noticias","tag-comercio","tag-confianca","tag-consumo","tag-estudo-setorial","tag-fgv-ibre","tag-indice-de-confianca-do-consumidor","tag-levantamento","tag-otimismo","tag-pesquisa","tag-sondagem","tag-varejo","tag-vendas"],"amp_enabled":true,"_links":{"self":[{"href":"https:\/\/sincomavi.org.br\/index.php?rest_route=\/wp\/v2\/posts\/10166","targetHints":{"allow":["GET"]}}],"collection":[{"href":"https:\/\/sincomavi.org.br\/index.php?rest_route=\/wp\/v2\/posts"}],"about":[{"href":"https:\/\/sincomavi.org.br\/index.php?rest_route=\/wp\/v2\/types\/post"}],"author":[{"embeddable":true,"href":"https:\/\/sincomavi.org.br\/index.php?rest_route=\/wp\/v2\/users\/1"}],"replies":[{"embeddable":true,"href":"https:\/\/sincomavi.org.br\/index.php?rest_route=%2Fwp%2Fv2%2Fcomments&post=10166"}],"version-history":[{"count":1,"href":"https:\/\/sincomavi.org.br\/index.php?rest_route=\/wp\/v2\/posts\/10166\/revisions"}],"predecessor-version":[{"id":10168,"href":"https:\/\/sincomavi.org.br\/index.php?rest_route=\/wp\/v2\/posts\/10166\/revisions\/10168"}],"wp:featuredmedia":[{"embeddable":true,"href":"https:\/\/sincomavi.org.br\/index.php?rest_route=\/wp\/v2\/media\/10167"}],"wp:attachment":[{"href":"https:\/\/sincomavi.org.br\/index.php?rest_route=%2Fwp%2Fv2%2Fmedia&parent=10166"}],"wp:term":[{"taxonomy":"category","embeddable":true,"href":"https:\/\/sincomavi.org.br\/index.php?rest_route=%2Fwp%2Fv2%2Fcategories&post=10166"},{"taxonomy":"post_tag","embeddable":true,"href":"https:\/\/sincomavi.org.br\/index.php?rest_route=%2Fwp%2Fv2%2Ftags&post=10166"}],"curies":[{"name":"wp","href":"https:\/\/api.w.org\/{rel}","templated":true}]}}