{"id":10139,"date":"2023-06-20T10:10:40","date_gmt":"2023-06-20T13:10:40","guid":{"rendered":"https:\/\/sincomavi.org.br\/?p=10139"},"modified":"2023-06-20T10:10:40","modified_gmt":"2023-06-20T13:10:40","slug":"queda-na-inadimplencia-em-maio","status":"publish","type":"post","link":"https:\/\/sincomavi.org.br\/?p=10139","title":{"rendered":"Queda na inadimpl\u00eancia em maio"},"content":{"rendered":"<style>.wp-block-kadence-spacer.kt-block-spacer-_d858ce-1b .kt-block-spacer{height:60px;}.wp-block-kadence-spacer.kt-block-spacer-_d858ce-1b .kt-divider{border-top-width:1px;height:1px;border-top-color:#eee;width:80%;border-top-style:solid;}<\/style>\n<div class=\"wp-block-kadence-spacer aligncenter kt-block-spacer-_d858ce-1b\"><div class=\"kt-block-spacer kt-block-spacer-halign-center\"><hr class=\"kt-divider\"\/><\/div><\/div>\n\n\n\n<p>O indicador de Registros de Inadimplentes da Boa Vista contou com recuo de 1,8% em maio (compara\u00e7\u00e3o mensal dos dados dessazonalizados). Essa segunda queda consecutiva, no entanto, n\u00e3o foi suficiente para fazer o \u00edndice sair da regi\u00e3o positiva na compara\u00e7\u00e3o trimestral m\u00f3vel, que aponta uma eleva\u00e7\u00e3o de 1,4% no per\u00edodo encerrado em maio em compara\u00e7\u00e3o aos tr\u00eas meses imediatamente anteriores.<\/p>\n\n\n\n<div class=\"wp-block-image\"><figure class=\"aligncenter size-full\"><img loading=\"lazy\" decoding=\"async\" width=\"500\" height=\"207\" src=\"https:\/\/sincomavi.org.br\/wp-content\/uploads\/2023\/06\/image-8.png\" alt=\"\" class=\"wp-image-10140\" srcset=\"https:\/\/sincomavi.org.br\/wp-content\/uploads\/2023\/06\/image-8.png 500w, https:\/\/sincomavi.org.br\/wp-content\/uploads\/2023\/06\/image-8-300x124.png 300w\" sizes=\"auto, (max-width: 500px) 100vw, 500px\" \/><\/figure><\/div>\n\n\n\n<p>O economista Flavio Calife comenta que h\u00e1 muito tempo n\u00e3o se via duas quedas consecutivas no indicador, a \u00faltima vez foi justamente em 2020, quando o efeito das posterga\u00e7\u00f5es e depois dos aux\u00edlios emergenciais come\u00e7aram a aparecer. \u201cEvidentemente, a situa\u00e7\u00e3o de agora \u00e9 outra, essas quedas sucederam nove aumentos consecutivos e mostram que o n\u00famero de registros pode sim ter atingido um pico em mar\u00e7o\u201d, ressalta. E complementa: \u201cA desacelera\u00e7\u00e3o na curva em 12 meses, que era esperada, tamb\u00e9m corrobora essa ideia. O ritmo de alta nos registros agora \u00e9 muito menor, sobretudo quando comparamos com os resultados do 2\u00ba semestre do ano passado. Essa perda de ritmo tamb\u00e9m est\u00e1 refletida na taxa de inadimpl\u00eancia das fam\u00edlias, ela tem subido pouco este ano\u201d.<\/p>\n\n\n\n<div class=\"wp-block-image\"><figure class=\"aligncenter size-full\"><img loading=\"lazy\" decoding=\"async\" width=\"500\" height=\"350\" src=\"https:\/\/sincomavi.org.br\/wp-content\/uploads\/2023\/06\/image-9.png\" alt=\"\" class=\"wp-image-10141\" srcset=\"https:\/\/sincomavi.org.br\/wp-content\/uploads\/2023\/06\/image-9.png 500w, https:\/\/sincomavi.org.br\/wp-content\/uploads\/2023\/06\/image-9-300x210.png 300w\" sizes=\"auto, (max-width: 500px) 100vw, 500px\" \/><\/figure><\/div>\n\n\n\n<h2 class=\"wp-block-heading\">Cr\u00e9dito<\/h2>\n\n\n\n<p>O Indicador de Recupera\u00e7\u00e3o de Cr\u00e9dito da Boa Vista, por sua vez, sofreu uma queda de 0,5% na compara\u00e7\u00e3o mensal \u2013 a segunda consecutiva. Tamb\u00e9m nesse caso, o trimestre m\u00f3vel se manteve em alta: 0,7%. Em rela\u00e7\u00e3o ao m\u00eas de maio do ano passado houve um aumento de 12,2% e o indicador se manteve numa curva de crescimento acelerado no acumulado em 12 meses, que passou de 17,1% para 18,0% entre abril e maio. No ano, por\u00e9m, o crescimento desacelerou nesse per\u00edodo, de 17,0% para 16,1%.<\/p>\n\n\n\n<p>Para Calife, a expectativa do indicador de recupera\u00e7\u00e3o continuar em alta por um pouco mais de tempo se confirmou. \u201cMuito disso se deve ao fato de que o volume de novos registros foi muito grande nos \u00faltimos meses, mas agora a tend\u00eancia de desacelera\u00e7\u00e3o que era esperada mais para frente pode at\u00e9 dar lugar a um movimento no sentido contr\u00e1rio, de maior crescimento, por conta do programa do governo de renegocia\u00e7\u00e3o de d\u00edvidas\u201d.<\/p>\n\n\n<style>.wp-block-kadence-spacer.kt-block-spacer-_39c37d-8f .kt-block-spacer{height:60px;}.wp-block-kadence-spacer.kt-block-spacer-_39c37d-8f .kt-divider{border-top-width:1px;height:1px;border-top-color:#eee;width:80%;border-top-style:solid;}<\/style>\n<div class=\"wp-block-kadence-spacer aligncenter kt-block-spacer-_39c37d-8f\"><div class=\"kt-block-spacer kt-block-spacer-halign-center\"><hr class=\"kt-divider\"\/><\/div><\/div>\n","protected":false},"excerpt":{"rendered":"<p>O indicador de Registros de Inadimplentes da Boa Vista contou com recuo de 1,8% em maio (compara\u00e7\u00e3o mensal dos dados dessazonalizados). Essa segunda queda consecutiva, no entanto, n\u00e3o foi suficiente para fazer o \u00edndice sair da regi\u00e3o positiva na compara\u00e7\u00e3o trimestral m\u00f3vel, que aponta uma eleva\u00e7\u00e3o de 1,4% no per\u00edodo encerrado em maio em compara\u00e7\u00e3o [&hellip;]<\/p>\n","protected":false},"author":1,"featured_media":10142,"comment_status":"closed","ping_status":"open","sticky":false,"template":"","format":"standard","meta":{"tdm_status":"","tdm_grid_status":"","footnotes":""},"categories":[153],"tags":[809,199,225,632,410,620,160,1192,654,200,75],"class_list":["post-10139","post","type-post","status-publish","format-standard","has-post-thumbnail","hentry","category-noticias","tag-boa-vista","tag-comercio","tag-consumo","tag-estudo-setorial","tag-inadimplencia","tag-levantamento","tag-pesquisa","tag-recuperacao-de-credito","tag-sondagem","tag-varejo","tag-vendas"],"amp_enabled":true,"_links":{"self":[{"href":"https:\/\/sincomavi.org.br\/index.php?rest_route=\/wp\/v2\/posts\/10139","targetHints":{"allow":["GET"]}}],"collection":[{"href":"https:\/\/sincomavi.org.br\/index.php?rest_route=\/wp\/v2\/posts"}],"about":[{"href":"https:\/\/sincomavi.org.br\/index.php?rest_route=\/wp\/v2\/types\/post"}],"author":[{"embeddable":true,"href":"https:\/\/sincomavi.org.br\/index.php?rest_route=\/wp\/v2\/users\/1"}],"replies":[{"embeddable":true,"href":"https:\/\/sincomavi.org.br\/index.php?rest_route=%2Fwp%2Fv2%2Fcomments&post=10139"}],"version-history":[{"count":1,"href":"https:\/\/sincomavi.org.br\/index.php?rest_route=\/wp\/v2\/posts\/10139\/revisions"}],"predecessor-version":[{"id":10143,"href":"https:\/\/sincomavi.org.br\/index.php?rest_route=\/wp\/v2\/posts\/10139\/revisions\/10143"}],"wp:featuredmedia":[{"embeddable":true,"href":"https:\/\/sincomavi.org.br\/index.php?rest_route=\/wp\/v2\/media\/10142"}],"wp:attachment":[{"href":"https:\/\/sincomavi.org.br\/index.php?rest_route=%2Fwp%2Fv2%2Fmedia&parent=10139"}],"wp:term":[{"taxonomy":"category","embeddable":true,"href":"https:\/\/sincomavi.org.br\/index.php?rest_route=%2Fwp%2Fv2%2Fcategories&post=10139"},{"taxonomy":"post_tag","embeddable":true,"href":"https:\/\/sincomavi.org.br\/index.php?rest_route=%2Fwp%2Fv2%2Ftags&post=10139"}],"curies":[{"name":"wp","href":"https:\/\/api.w.org\/{rel}","templated":true}]}}