{"id":10054,"date":"2023-05-23T14:32:52","date_gmt":"2023-05-23T17:32:52","guid":{"rendered":"https:\/\/sincomavi.org.br\/?p=10054"},"modified":"2023-05-23T14:32:53","modified_gmt":"2023-05-23T17:32:53","slug":"salarios-de-admissao-cct-osasco-e-regiao","status":"publish","type":"post","link":"https:\/\/sincomavi.org.br\/?p=10054","title":{"rendered":"Sal\u00e1rios de admiss\u00e3o &#8211; CCT Osasco e regi\u00e3o"},"content":{"rendered":"<style>.wp-block-kadence-spacer.kt-block-spacer-_5ed444-9d .kt-block-spacer{height:60px;}.wp-block-kadence-spacer.kt-block-spacer-_5ed444-9d .kt-divider{border-top-width:1px;height:1px;border-top-color:#eee;width:80%;border-top-style:solid;}<\/style>\n<div class=\"wp-block-kadence-spacer aligncenter kt-block-spacer-_5ed444-9d\"><div class=\"kt-block-spacer kt-block-spacer-halign-center\"><hr class=\"kt-divider\"\/><\/div><\/div>\n\n\n\n<p>Tendo em vista a fixa\u00e7\u00e3o, a partir de 1\u00ba de maio de 2023, do novo sal\u00e1rio m\u00ednimo nacional, \u00e9 preciso advertir as empresas e demais interessados, que a Conven\u00e7\u00e3o Coletiva de Trabalho (CCT) celebrada com o <strong>Sindicato dos Empregados no Com\u00e9rcio de Osasco e Regi\u00e3o<\/strong> prev\u00ea que nenhum sal\u00e1rio de admiss\u00e3o pode ser inferior ao sal\u00e1rio m\u00ednimo nacional (Cl\u00e1usula 19, \u00a7 5\u00ba).<\/p>\n\n\n\n<p>Dessa maneira, para as empresas com menos de 10 empregados, optantes e detentoras do Certificado previsto no <strong>RDS &#8211; Regime Diferencial de Sal\u00e1rios<\/strong>, dever\u00e1 ser observado o sal\u00e1rio de admiss\u00e3o de R$ 1.320,00 para as fun\u00e7\u00f5es de office-boy, faxineiro, copeiro e empacotadores em geral, substituindo o piso previsto na CCT de R$ 1.318,44, a partir de 1\u00ba de maio de 2023, desde que cumprida integralmente a jornada legal de 44 horas semanais de trabalho.<\/p>\n\n\n\n<p><strong>Qualquer d\u00favida poder\u00e1 ser esclarecida pelo telefone (11) 3488-8200 ou sincomavi@sincomavi.org.br.<\/strong><\/p>\n\n\n<style>.wp-block-kadence-spacer.kt-block-spacer-_268bd9-e2 .kt-block-spacer{height:60px;}.wp-block-kadence-spacer.kt-block-spacer-_268bd9-e2 .kt-divider{border-top-width:1px;height:1px;border-top-color:#eee;width:80%;border-top-style:solid;}<\/style>\n<div class=\"wp-block-kadence-spacer aligncenter kt-block-spacer-_268bd9-e2\"><div class=\"kt-block-spacer kt-block-spacer-halign-center\"><hr class=\"kt-divider\"\/><\/div><\/div>\n","protected":false},"excerpt":{"rendered":"<p>Tendo em vista a fixa\u00e7\u00e3o, a partir de 1\u00ba de maio de 2023, do novo sal\u00e1rio m\u00ednimo nacional, \u00e9 preciso advertir as empresas e demais interessados, que a Conven\u00e7\u00e3o Coletiva de Trabalho (CCT) celebrada com o Sindicato dos Empregados no Com\u00e9rcio de Osasco e Regi\u00e3o prev\u00ea que nenhum sal\u00e1rio de admiss\u00e3o pode ser inferior ao [&hellip;]<\/p>\n","protected":false},"author":1,"featured_media":10055,"comment_status":"closed","ping_status":"open","sticky":false,"template":"","format":"standard","meta":{"tdm_status":"","tdm_grid_status":"","footnotes":""},"categories":[157],"tags":[1182,192,1181,605,647],"class_list":["post-10054","post","type-post","status-publish","format-standard","has-post-thumbnail","hentry","category-alerta","tag-aviso","tag-convencao-coletiva-de-trabalho","tag-osasco","tag-osasco-e-regiao","tag-salario-minimo"],"amp_enabled":true,"_links":{"self":[{"href":"https:\/\/sincomavi.org.br\/index.php?rest_route=\/wp\/v2\/posts\/10054","targetHints":{"allow":["GET"]}}],"collection":[{"href":"https:\/\/sincomavi.org.br\/index.php?rest_route=\/wp\/v2\/posts"}],"about":[{"href":"https:\/\/sincomavi.org.br\/index.php?rest_route=\/wp\/v2\/types\/post"}],"author":[{"embeddable":true,"href":"https:\/\/sincomavi.org.br\/index.php?rest_route=\/wp\/v2\/users\/1"}],"replies":[{"embeddable":true,"href":"https:\/\/sincomavi.org.br\/index.php?rest_route=%2Fwp%2Fv2%2Fcomments&post=10054"}],"version-history":[{"count":1,"href":"https:\/\/sincomavi.org.br\/index.php?rest_route=\/wp\/v2\/posts\/10054\/revisions"}],"predecessor-version":[{"id":10056,"href":"https:\/\/sincomavi.org.br\/index.php?rest_route=\/wp\/v2\/posts\/10054\/revisions\/10056"}],"wp:featuredmedia":[{"embeddable":true,"href":"https:\/\/sincomavi.org.br\/index.php?rest_route=\/wp\/v2\/media\/10055"}],"wp:attachment":[{"href":"https:\/\/sincomavi.org.br\/index.php?rest_route=%2Fwp%2Fv2%2Fmedia&parent=10054"}],"wp:term":[{"taxonomy":"category","embeddable":true,"href":"https:\/\/sincomavi.org.br\/index.php?rest_route=%2Fwp%2Fv2%2Fcategories&post=10054"},{"taxonomy":"post_tag","embeddable":true,"href":"https:\/\/sincomavi.org.br\/index.php?rest_route=%2Fwp%2Fv2%2Ftags&post=10054"}],"curies":[{"name":"wp","href":"https:\/\/api.w.org\/{rel}","templated":true}]}}